{"id":954,"date":"2026-02-03T18:37:05","date_gmt":"2026-02-03T18:37:05","guid":{"rendered":"https:\/\/www.tierrahabitada.org\/?p=954"},"modified":"2026-02-03T18:37:05","modified_gmt":"2026-02-03T18:37:05","slug":"ano-de-nieves-2","status":"publish","type":"post","link":"https:\/\/www.tierrahabitada.org\/index.php\/2026\/02\/03\/ano-de-nieves-2\/","title":{"rendered":"A\u00f1o de nieves&#8230;"},"content":{"rendered":"\n<p>Tras las fiestas navide\u00f1as, tan ricas en encuentros y celebraciones, el mes de enero \u2012de momento gratamente nevoso\u2012 es un tiempo fr\u00edo y oscuro, que invita al recogimiento y en cierto modo a volcarnos m\u00e1s hacia adentro. Precisamente, \u201cTierra adentro\u201d fue uno de los nombres que barajamos en su d\u00eda para este proyecto y fundaci\u00f3n. Adentrarse en la tierra, adentrarse en uno mismo&#8230;<\/p>\n\n\n\n<p>El jueves anterior a Navidad sustituimos la meditaci\u00f3n por un taller de estrellas Waldorf de papel, gracias a la generosidad y arte de Blanca. Siempre es bonito hacer algo bello con las propias manos y disfrutamos tanto del proceso como de los resultados. Poner atenci\u00f3n en el doblez correcto, en el ajuste arm\u00f3nico, puede ser una aut\u00e9ntica meditaci\u00f3n, por cuanto centra, da paz y nos vuelca en algo m\u00e1s all\u00e1 de uno mismo. Y si adem\u00e1s se hace en un ambiente familiar, de cercan\u00eda, mejor que mejor.<\/p>\n\n\n\n<p>La vida a veces sorprende y es bueno dejarse sorprender. Para nosotros fue una sorpresa compartir la Nochevieja \u2012cena, campanadas y velada\u2012 con los miembros del grupo musical ugand\u00e9s <a href=\"https:\/\/www.abataano.com\/es\/inicio\/\">Aba Taano<\/a>, de gira por Espa\u00f1a, y algunos vecinos de Ca\u00f1icosa. No pod\u00eda faltar Elisabeth, la fundadora y alma de la ONG <a href=\"https:\/\/musicaparasalvarvidas.org\/es\/inicio\/\">M\u00fasica para salvar vidas<\/a>, que acoge a menores desamparados en un centro educativo en Kampala, donde reciben cobijo f\u00edsico, calor humano y formaci\u00f3n, especialmente musical. De ah\u00ed han salido varios grupos de muy alta calidad art\u00edstica, como los <a href=\"https:\/\/musicaparasalvarvidas.org\/es\/sticks-es\/\">Ugandan Sticks<\/a>, que ya estuvieron en Ca\u00f1icosa hace un par de a\u00f1os. Inolvidable el intercambio de villancicos navide\u00f1os y otras canciones entre los \u201clocales\u201d y los \u201cvisitantes\u201d. \u00a1Siempre ser\u00e9is bienvenidos!<\/p>\n\n\n\n<p>No menos sorprendentes pero igualmente enriquecedores han sido en estos d\u00edas navide\u00f1os los encuentros y celebraciones con nuestros \u00e1ngeles custodios: In\u00e9s, Leonor, Amelia y Hermelinda. \u00a1Cu\u00e1nta sabidur\u00eda, bondad y empat\u00eda encontramos en ellas! Nunca dejaremos de agradecerles la herencia que seguimos recibiendo de ellas.<\/p>\n\n\n\n<p>Otras ocasiones tambi\u00e9n enriquecedoras son los Encuentros de duelo que est\u00e1n teniendo lugar mensualmente en la Casa Com\u00fan, animados por nuestra vecina Noem\u00ed. No es f\u00e1cil compartir los duelos ante la p\u00e9rdida de personas cercanas y he aqu\u00ed un espacio de libertad y autenticidad que lo facilita. Los duelos no siempre se refieren a personas que se han ido; pueden ser a situaciones, lugares o roles desaparecidos que nos dejan sin referencias. Nos alegra poder ofrecer este lugar y \u00e1mbito de encuentro y sanaci\u00f3n.<\/p>\n\n\n\n<p>Este mes de enero estrenamos una importante novedad: la contrataci\u00f3n, de enero a junio, de una persona como encargado de mantenimiento, gesti\u00f3n de la le\u00f1a y apoyo en el jard\u00edn y huerta, gracias a una subvenci\u00f3n a la fundaci\u00f3n que cubre parte de los gastos. Vendr\u00e1 muy bien para muchas reparaciones pendientes en la Casa San Mart\u00edn y otras labores que nunca faltan. Estamos muy ilusionados y pensamos que puede ser un nuevo salto cualitativo en instalaciones y posibilidades.<\/p>\n\n\n\n<p>Dicen los lugare\u00f1os que cuando uno se calienta con le\u00f1a se calienta tres veces: cuando se corta, cuanto se trae y cuando se quema. Y tienen mucha raz\u00f3n. En Tierra Habitada intentamos calentarnos con le\u00f1a de poda cercana, minimizando en lo posible el gas\u00f3leo. Un trabajo que, aunque supone esfuerzo, hacemos con agrado. Esto nos ayuda a hacernos m\u00e1s conscientes y agradecidos de lo que supone caldear las casas y tambi\u00e9n a hacerlo en su justa medida. Adem\u00e1s tambi\u00e9n nos une a la naturaleza y a nuestros ancestros, a lo que los lugare\u00f1os han estado haciendo durante generaciones hasta hace no mucho, cuando la le\u00f1a era la \u00fanica manera de calentarse.<\/p>\n\n\n<div class=\"wp-block-image\">\n<figure class=\"aligncenter size-full\"><img loading=\"lazy\" decoding=\"async\" width=\"600\" height=\"320\" src=\"https:\/\/www.tierrahabitada.org\/wp-content\/uploads\/2026\/02\/Taller-estrellas-03.jpg\" alt=\"\" class=\"wp-image-955\" srcset=\"https:\/\/www.tierrahabitada.org\/wp-content\/uploads\/2026\/02\/Taller-estrellas-03.jpg 600w, https:\/\/www.tierrahabitada.org\/wp-content\/uploads\/2026\/02\/Taller-estrellas-03-300x160.jpg 300w\" sizes=\"auto, (max-width: 600px) 100vw, 600px\" \/><figcaption class=\"wp-element-caption\"><em>Taller de estrellas navide\u00f1as<\/em><\/figcaption><\/figure><\/div>\n\n<div class=\"wp-block-image\">\n<figure class=\"aligncenter size-full\"><img loading=\"lazy\" decoding=\"async\" width=\"600\" height=\"320\" src=\"https:\/\/www.tierrahabitada.org\/wp-content\/uploads\/2026\/02\/Nuevos-vecinos-blancos.jpg\" alt=\"\" class=\"wp-image-956\" srcset=\"https:\/\/www.tierrahabitada.org\/wp-content\/uploads\/2026\/02\/Nuevos-vecinos-blancos.jpg 600w, https:\/\/www.tierrahabitada.org\/wp-content\/uploads\/2026\/02\/Nuevos-vecinos-blancos-300x160.jpg 300w\" sizes=\"auto, (max-width: 600px) 100vw, 600px\" \/><figcaption class=\"wp-element-caption\"><em>Nuevos vecinos blancos<\/em><\/figcaption><\/figure><\/div>\n\n<div class=\"wp-block-image\">\n<figure class=\"aligncenter size-full\"><img loading=\"lazy\" decoding=\"async\" width=\"900\" height=\"480\" src=\"https:\/\/www.tierrahabitada.org\/wp-content\/uploads\/2026\/02\/Pili-y-Jose-en-la-nieve.jpg\" alt=\"\" class=\"wp-image-957\" srcset=\"https:\/\/www.tierrahabitada.org\/wp-content\/uploads\/2026\/02\/Pili-y-Jose-en-la-nieve.jpg 900w, https:\/\/www.tierrahabitada.org\/wp-content\/uploads\/2026\/02\/Pili-y-Jose-en-la-nieve-300x160.jpg 300w, https:\/\/www.tierrahabitada.org\/wp-content\/uploads\/2026\/02\/Pili-y-Jose-en-la-nieve-768x410.jpg 768w\" sizes=\"auto, (max-width: 900px) 100vw, 900px\" \/><figcaption class=\"wp-element-caption\"><em>Ma\u00f1ana de domingo con sol y nieve<\/em><\/figcaption><\/figure><\/div>\n\n<div class=\"wp-block-image\">\n<figure class=\"aligncenter size-full\"><img loading=\"lazy\" decoding=\"async\" width=\"600\" height=\"320\" src=\"https:\/\/www.tierrahabitada.org\/wp-content\/uploads\/2026\/02\/Maravilla-helada.jpg\" alt=\"\" class=\"wp-image-958\" srcset=\"https:\/\/www.tierrahabitada.org\/wp-content\/uploads\/2026\/02\/Maravilla-helada.jpg 600w, https:\/\/www.tierrahabitada.org\/wp-content\/uploads\/2026\/02\/Maravilla-helada-300x160.jpg 300w\" sizes=\"auto, (max-width: 600px) 100vw, 600px\" \/><figcaption class=\"wp-element-caption\"><em>Maravilla de la naturaleza helada<\/em><\/figcaption><\/figure><\/div>\n\n<div class=\"wp-block-image\">\n<figure class=\"aligncenter size-full\"><img loading=\"lazy\" decoding=\"async\" width=\"600\" height=\"320\" src=\"https:\/\/www.tierrahabitada.org\/wp-content\/uploads\/2026\/02\/Lena-apilada.jpg\" alt=\"\" class=\"wp-image-959\" srcset=\"https:\/\/www.tierrahabitada.org\/wp-content\/uploads\/2026\/02\/Lena-apilada.jpg 600w, https:\/\/www.tierrahabitada.org\/wp-content\/uploads\/2026\/02\/Lena-apilada-300x160.jpg 300w\" sizes=\"auto, (max-width: 600px) 100vw, 600px\" \/><figcaption class=\"wp-element-caption\"><em>Energ\u00eda almacenada<\/em><\/figcaption><\/figure><\/div>\n\n\n<p><\/p>\n","protected":false},"excerpt":{"rendered":"<p>Tras las fiestas navide\u00f1as, tan ricas en encuentros y celebraciones, el mes de enero \u2012de momento gratamente nevoso\u2012 es un tiempo fr\u00edo y oscuro, que invita al recogimiento y en&#8230; <a class=\"read-more\" href=\"https:\/\/www.tierrahabitada.org\/index.php\/2026\/02\/03\/ano-de-nieves-2\/\">[Continuar Leyendo]<\/a><\/p>\n","protected":false},"author":1,"featured_media":960,"comment_status":"open","ping_status":"open","sticky":false,"template":"","format":"standard","meta":{"footnotes":""},"categories":[10],"tags":[9],"class_list":["post-954","post","type-post","status-publish","format-standard","has-post-thumbnail","hentry","category-boletin","tag-nieve"],"_links":{"self":[{"href":"https:\/\/www.tierrahabitada.org\/index.php\/wp-json\/wp\/v2\/posts\/954","targetHints":{"allow":["GET"]}}],"collection":[{"href":"https:\/\/www.tierrahabitada.org\/index.php\/wp-json\/wp\/v2\/posts"}],"about":[{"href":"https:\/\/www.tierrahabitada.org\/index.php\/wp-json\/wp\/v2\/types\/post"}],"author":[{"embeddable":true,"href":"https:\/\/www.tierrahabitada.org\/index.php\/wp-json\/wp\/v2\/users\/1"}],"replies":[{"embeddable":true,"href":"https:\/\/www.tierrahabitada.org\/index.php\/wp-json\/wp\/v2\/comments?post=954"}],"version-history":[{"count":1,"href":"https:\/\/www.tierrahabitada.org\/index.php\/wp-json\/wp\/v2\/posts\/954\/revisions"}],"predecessor-version":[{"id":961,"href":"https:\/\/www.tierrahabitada.org\/index.php\/wp-json\/wp\/v2\/posts\/954\/revisions\/961"}],"wp:featuredmedia":[{"embeddable":true,"href":"https:\/\/www.tierrahabitada.org\/index.php\/wp-json\/wp\/v2\/media\/960"}],"wp:attachment":[{"href":"https:\/\/www.tierrahabitada.org\/index.php\/wp-json\/wp\/v2\/media?parent=954"}],"wp:term":[{"taxonomy":"category","embeddable":true,"href":"https:\/\/www.tierrahabitada.org\/index.php\/wp-json\/wp\/v2\/categories?post=954"},{"taxonomy":"post_tag","embeddable":true,"href":"https:\/\/www.tierrahabitada.org\/index.php\/wp-json\/wp\/v2\/tags?post=954"}],"curies":[{"name":"wp","href":"https:\/\/api.w.org\/{rel}","templated":true}]}}