{"id":939,"date":"2025-11-17T20:34:57","date_gmt":"2025-11-17T20:34:57","guid":{"rendered":"https:\/\/www.tierrahabitada.org\/?p=939"},"modified":"2025-11-17T20:34:57","modified_gmt":"2025-11-17T20:34:57","slug":"luces-de-otono-en-la-creciente-oscuridad","status":"publish","type":"post","link":"https:\/\/www.tierrahabitada.org\/index.php\/2025\/11\/17\/luces-de-otono-en-la-creciente-oscuridad\/","title":{"rendered":"Luces de oto\u00f1o en la creciente oscuridad"},"content":{"rendered":"\n<p>El pasado s\u00e1bado 8 de noviembre celebramos un a\u00f1o m\u00e1s la fiesta de san Mart\u00edn, este a\u00f1o coincidiendo con el aniversario de la inauguraci\u00f3n de la Casa San Mart\u00edn hace 38 a\u00f1os. \u00a1Cu\u00e1ntos farolillos elaborados y cu\u00e1ntos cuidadosamente guardados desde entonces! Fue especialmente bonito recibir a un joven matrimonio que vinieron a la fiesta cuando eran ni\u00f1os y que han querido venir con su peque\u00f1a hija a participar de nuevo.<\/p>\n\n\n\n<p>Despu\u00e9s del taller de farolillos, unos veinte ni\u00f1os y m\u00e1s de treinta adultos nos dimos cita en la sala para escuchar un a\u00f1o m\u00e1s la historia de san Mart\u00edn \u2013este a\u00f1o teatralizada en verso\u2013 y para disfrutar con un precioso relato de marionetas en torno a la luz de un farol.<\/p>\n\n\n\n<p>No pod\u00eda faltar la procesi\u00f3n iluminando las calles de Ca\u00f1icosa y alegr\u00e1ndolas con nuestros cantos, hasta la ermita de San Mart\u00edn, donde agradecimos a nuestro patrono el gesto de compartir su capa y le pedimos que nos ayude a compartir nosotros tambi\u00e9n. Gracias especiales a las ni\u00f1as que acompa\u00f1aron con sus cantos ese momento m\u00e1gico.<\/p>\n\n\n\n<p>Tampoco pod\u00eda faltar la chocolatada calentita para terminar una magn\u00edfica tarde de encuentro con mucha gente bonita. Un a\u00f1o m\u00e1s, \u00a1gracias a todos!<\/p>\n\n\n\n<p>Caminamos hacia la oscuridad del invierno, con las luces de nuestros faroles bien encendidas. El oto\u00f1o avanza como cada a\u00f1o, con sus cambios de colores y sus tareas propias. Tiempo de terminar de recoger y agradecer los frutos de la tierra y de hacer conservas con la ayuda de vecinos y voluntarios.<\/p>\n\n\n<div class=\"wp-block-image\">\n<figure class=\"aligncenter size-full\"><img loading=\"lazy\" decoding=\"async\" width=\"600\" height=\"320\" src=\"https:\/\/www.tierrahabitada.org\/wp-content\/uploads\/2025\/11\/01-Taller-farolillos-2.jpg\" alt=\"\" class=\"wp-image-943\" srcset=\"https:\/\/www.tierrahabitada.org\/wp-content\/uploads\/2025\/11\/01-Taller-farolillos-2.jpg 600w, https:\/\/www.tierrahabitada.org\/wp-content\/uploads\/2025\/11\/01-Taller-farolillos-2-300x160.jpg 300w\" sizes=\"auto, (max-width: 600px) 100vw, 600px\" \/><figcaption class=\"wp-element-caption\"><em>Taller de farolillos<\/em><\/figcaption><\/figure><\/div>\n\n<div class=\"wp-block-image\">\n<figure class=\"aligncenter size-full\"><img loading=\"lazy\" decoding=\"async\" width=\"600\" height=\"320\" src=\"https:\/\/www.tierrahabitada.org\/wp-content\/uploads\/2025\/11\/02-Farolillos.jpg\" alt=\"\" class=\"wp-image-944\" srcset=\"https:\/\/www.tierrahabitada.org\/wp-content\/uploads\/2025\/11\/02-Farolillos.jpg 600w, https:\/\/www.tierrahabitada.org\/wp-content\/uploads\/2025\/11\/02-Farolillos-300x160.jpg 300w\" sizes=\"auto, (max-width: 600px) 100vw, 600px\" \/><figcaption class=\"wp-element-caption\"><em>Luces de colores<\/em><\/figcaption><\/figure><\/div>\n\n<div class=\"wp-block-image\">\n<figure class=\"aligncenter size-full\"><img loading=\"lazy\" decoding=\"async\" width=\"600\" height=\"320\" src=\"https:\/\/www.tierrahabitada.org\/wp-content\/uploads\/2025\/11\/03-Procesion.jpg\" alt=\"\" class=\"wp-image-945\" srcset=\"https:\/\/www.tierrahabitada.org\/wp-content\/uploads\/2025\/11\/03-Procesion.jpg 600w, https:\/\/www.tierrahabitada.org\/wp-content\/uploads\/2025\/11\/03-Procesion-300x160.jpg 300w\" sizes=\"auto, (max-width: 600px) 100vw, 600px\" \/><figcaption class=\"wp-element-caption\"><em>Por las calles de Ca\u00f1icosa<\/em><\/figcaption><\/figure><\/div>\n\n<div class=\"wp-block-image\">\n<figure class=\"aligncenter size-full\"><img loading=\"lazy\" decoding=\"async\" width=\"600\" height=\"320\" src=\"https:\/\/www.tierrahabitada.org\/wp-content\/uploads\/2025\/11\/04-Capilla-de-San-Martin.jpg\" alt=\"\" class=\"wp-image-946\" srcset=\"https:\/\/www.tierrahabitada.org\/wp-content\/uploads\/2025\/11\/04-Capilla-de-San-Martin.jpg 600w, https:\/\/www.tierrahabitada.org\/wp-content\/uploads\/2025\/11\/04-Capilla-de-San-Martin-300x160.jpg 300w\" sizes=\"auto, (max-width: 600px) 100vw, 600px\" \/><figcaption class=\"wp-element-caption\"><em>En la capilla de San Mart\u00edn, iluminada \u00fanicamente con velas<\/em><\/figcaption><\/figure><\/div>\n\n<div class=\"wp-block-image\">\n<figure class=\"aligncenter size-full\"><img loading=\"lazy\" decoding=\"async\" width=\"600\" height=\"320\" src=\"https:\/\/www.tierrahabitada.org\/wp-content\/uploads\/2025\/11\/05-Frutos-de-otono.jpg\" alt=\"\" class=\"wp-image-947\" srcset=\"https:\/\/www.tierrahabitada.org\/wp-content\/uploads\/2025\/11\/05-Frutos-de-otono.jpg 600w, https:\/\/www.tierrahabitada.org\/wp-content\/uploads\/2025\/11\/05-Frutos-de-otono-300x160.jpg 300w\" sizes=\"auto, (max-width: 600px) 100vw, 600px\" \/><figcaption class=\"wp-element-caption\"><em>Frutos de oto\u00f1o<\/em><\/figcaption><\/figure><\/div>\n\n<div class=\"wp-block-image\">\n<figure class=\"aligncenter size-full\"><img loading=\"lazy\" decoding=\"async\" width=\"600\" height=\"320\" src=\"https:\/\/www.tierrahabitada.org\/wp-content\/uploads\/2025\/11\/07-Manzanas.jpg\" alt=\"\" class=\"wp-image-948\" srcset=\"https:\/\/www.tierrahabitada.org\/wp-content\/uploads\/2025\/11\/07-Manzanas.jpg 600w, https:\/\/www.tierrahabitada.org\/wp-content\/uploads\/2025\/11\/07-Manzanas-300x160.jpg 300w\" sizes=\"auto, (max-width: 600px) 100vw, 600px\" \/><figcaption class=\"wp-element-caption\"><em>Del \u00e1rbol a la compota<\/em><\/figcaption><\/figure><\/div>\n\n<div class=\"wp-block-image\">\n<figure class=\"aligncenter size-full\"><img loading=\"lazy\" decoding=\"async\" width=\"600\" height=\"320\" src=\"https:\/\/www.tierrahabitada.org\/wp-content\/uploads\/2025\/11\/06-Arroyo-en-otono.jpg\" alt=\"\" class=\"wp-image-949\" srcset=\"https:\/\/www.tierrahabitada.org\/wp-content\/uploads\/2025\/11\/06-Arroyo-en-otono.jpg 600w, https:\/\/www.tierrahabitada.org\/wp-content\/uploads\/2025\/11\/06-Arroyo-en-otono-300x160.jpg 300w\" sizes=\"auto, (max-width: 600px) 100vw, 600px\" \/><figcaption class=\"wp-element-caption\"><em>El arroyo en oto\u00f1o<\/em><\/figcaption><\/figure><\/div>","protected":false},"excerpt":{"rendered":"<p>El pasado s\u00e1bado 8 de noviembre celebramos un a\u00f1o m\u00e1s la fiesta de san Mart\u00edn, este a\u00f1o coincidiendo con el aniversario de la inauguraci\u00f3n de la Casa San Mart\u00edn hace&#8230; <a class=\"read-more\" href=\"https:\/\/www.tierrahabitada.org\/index.php\/2025\/11\/17\/luces-de-otono-en-la-creciente-oscuridad\/\">[Continuar Leyendo]<\/a><\/p>\n","protected":false},"author":1,"featured_media":940,"comment_status":"open","ping_status":"open","sticky":false,"template":"","format":"standard","meta":{"footnotes":""},"categories":[10],"tags":[7],"class_list":["post-939","post","type-post","status-publish","format-standard","has-post-thumbnail","hentry","category-boletin","tag-otono"],"_links":{"self":[{"href":"https:\/\/www.tierrahabitada.org\/index.php\/wp-json\/wp\/v2\/posts\/939","targetHints":{"allow":["GET"]}}],"collection":[{"href":"https:\/\/www.tierrahabitada.org\/index.php\/wp-json\/wp\/v2\/posts"}],"about":[{"href":"https:\/\/www.tierrahabitada.org\/index.php\/wp-json\/wp\/v2\/types\/post"}],"author":[{"embeddable":true,"href":"https:\/\/www.tierrahabitada.org\/index.php\/wp-json\/wp\/v2\/users\/1"}],"replies":[{"embeddable":true,"href":"https:\/\/www.tierrahabitada.org\/index.php\/wp-json\/wp\/v2\/comments?post=939"}],"version-history":[{"count":2,"href":"https:\/\/www.tierrahabitada.org\/index.php\/wp-json\/wp\/v2\/posts\/939\/revisions"}],"predecessor-version":[{"id":951,"href":"https:\/\/www.tierrahabitada.org\/index.php\/wp-json\/wp\/v2\/posts\/939\/revisions\/951"}],"wp:featuredmedia":[{"embeddable":true,"href":"https:\/\/www.tierrahabitada.org\/index.php\/wp-json\/wp\/v2\/media\/940"}],"wp:attachment":[{"href":"https:\/\/www.tierrahabitada.org\/index.php\/wp-json\/wp\/v2\/media?parent=939"}],"wp:term":[{"taxonomy":"category","embeddable":true,"href":"https:\/\/www.tierrahabitada.org\/index.php\/wp-json\/wp\/v2\/categories?post=939"},{"taxonomy":"post_tag","embeddable":true,"href":"https:\/\/www.tierrahabitada.org\/index.php\/wp-json\/wp\/v2\/tags?post=939"}],"curies":[{"name":"wp","href":"https:\/\/api.w.org\/{rel}","templated":true}]}}