{"id":934,"date":"2025-10-20T08:13:58","date_gmt":"2025-10-20T08:13:58","guid":{"rendered":"https:\/\/www.tierrahabitada.org\/?p=934"},"modified":"2025-10-20T08:13:58","modified_gmt":"2025-10-20T08:13:58","slug":"fiesta-de-san-martin-2025","status":"publish","type":"post","link":"https:\/\/www.tierrahabitada.org\/index.php\/2025\/10\/20\/fiesta-de-san-martin-2025\/","title":{"rendered":"Fiesta de San Mart\u00edn 2025"},"content":{"rendered":"\n<p>Una vez m\u00e1s celebraremos en Ca\u00f1icosa la fiesta de San Mart\u00edn. Este a\u00f1o, el <strong>s\u00e1bado 8 de noviembre a partir de las 16.30 h.<\/strong> Se agradece confirmar asistencia (sobre todo de ni\u00f1os) en <em>contacto@tierrahabitada.org<\/em> o por tel\u00e9fono: 92150424<\/p>\n\n\n\n<figure class=\"wp-block-image size-full\"><img loading=\"lazy\" decoding=\"async\" width=\"900\" height=\"675\" src=\"https:\/\/www.tierrahabitada.org\/wp-content\/uploads\/2025\/10\/Cartel-Fiesta-San-Martin-2025.jpg\" alt=\"\" class=\"wp-image-936\" srcset=\"https:\/\/www.tierrahabitada.org\/wp-content\/uploads\/2025\/10\/Cartel-Fiesta-San-Martin-2025.jpg 900w, https:\/\/www.tierrahabitada.org\/wp-content\/uploads\/2025\/10\/Cartel-Fiesta-San-Martin-2025-300x225.jpg 300w, https:\/\/www.tierrahabitada.org\/wp-content\/uploads\/2025\/10\/Cartel-Fiesta-San-Martin-2025-768x576.jpg 768w\" sizes=\"auto, (max-width: 900px) 100vw, 900px\" \/><\/figure>\n","protected":false},"excerpt":{"rendered":"<p>Una vez m\u00e1s celebraremos en Ca\u00f1icosa la fiesta de San Mart\u00edn. Este a\u00f1o, el s\u00e1bado 8 de noviembre a partir de las 16.30 h. Se agradece confirmar asistencia (sobre todo&#8230; <a class=\"read-more\" href=\"https:\/\/www.tierrahabitada.org\/index.php\/2025\/10\/20\/fiesta-de-san-martin-2025\/\">[Continuar Leyendo]<\/a><\/p>\n","protected":false},"author":1,"featured_media":935,"comment_status":"open","ping_status":"open","sticky":false,"template":"","format":"standard","meta":{"footnotes":""},"categories":[1],"tags":[],"class_list":["post-934","post","type-post","status-publish","format-standard","has-post-thumbnail","hentry","category-sin-categoria"],"_links":{"self":[{"href":"https:\/\/www.tierrahabitada.org\/index.php\/wp-json\/wp\/v2\/posts\/934","targetHints":{"allow":["GET"]}}],"collection":[{"href":"https:\/\/www.tierrahabitada.org\/index.php\/wp-json\/wp\/v2\/posts"}],"about":[{"href":"https:\/\/www.tierrahabitada.org\/index.php\/wp-json\/wp\/v2\/types\/post"}],"author":[{"embeddable":true,"href":"https:\/\/www.tierrahabitada.org\/index.php\/wp-json\/wp\/v2\/users\/1"}],"replies":[{"embeddable":true,"href":"https:\/\/www.tierrahabitada.org\/index.php\/wp-json\/wp\/v2\/comments?post=934"}],"version-history":[{"count":1,"href":"https:\/\/www.tierrahabitada.org\/index.php\/wp-json\/wp\/v2\/posts\/934\/revisions"}],"predecessor-version":[{"id":937,"href":"https:\/\/www.tierrahabitada.org\/index.php\/wp-json\/wp\/v2\/posts\/934\/revisions\/937"}],"wp:featuredmedia":[{"embeddable":true,"href":"https:\/\/www.tierrahabitada.org\/index.php\/wp-json\/wp\/v2\/media\/935"}],"wp:attachment":[{"href":"https:\/\/www.tierrahabitada.org\/index.php\/wp-json\/wp\/v2\/media?parent=934"}],"wp:term":[{"taxonomy":"category","embeddable":true,"href":"https:\/\/www.tierrahabitada.org\/index.php\/wp-json\/wp\/v2\/categories?post=934"},{"taxonomy":"post_tag","embeddable":true,"href":"https:\/\/www.tierrahabitada.org\/index.php\/wp-json\/wp\/v2\/tags?post=934"}],"curies":[{"name":"wp","href":"https:\/\/api.w.org\/{rel}","templated":true}]}}