{"id":917,"date":"2025-07-18T18:35:53","date_gmt":"2025-07-18T18:35:53","guid":{"rendered":"https:\/\/www.tierrahabitada.org\/?p=917"},"modified":"2025-07-18T18:42:28","modified_gmt":"2025-07-18T18:42:28","slug":"tiempo-de-verano","status":"publish","type":"post","link":"https:\/\/www.tierrahabitada.org\/index.php\/2025\/07\/18\/tiempo-de-verano\/","title":{"rendered":"Tiempo de verano"},"content":{"rendered":"\n<p>Verano, tiempo de relajaci\u00f3n y de cosechar con agradecimiento los frutos de la tierra. As\u00ed hacemos estos d\u00edas, dando continuas gracias por todo lo recibido en los \u00faltimos meses y recogiendo frutos de sosiego y satisfacci\u00f3n.<\/p>\n\n\n\n<p>Recordamos a los muchos voluntarios internacionales que han pasado por aqu\u00ed en esta primavera. Adem\u00e1s de ayudarnos en las tareas, nos ayudan a ejercitarnos en la convivencia y nos enriquecen culturalmente. Algunos nos dejan emotivos comentarios en las plataformas de contacto (workaway.info y worldpackers.com):<\/p>\n\n\n\n<blockquote class=\"wp-block-quote is-layout-flow wp-block-quote-is-layout-flow\">\n<p>\u00abEl entorno natural en el que se desarrolla esta experiencia es simplemente m\u00e1gico. Rodeado de paisajes que invitan a la paz y la reflexi\u00f3n, cada d\u00eda se convierte en una oportunidad para conectar con la naturaleza y con uno mismo. Aqu\u00ed, la espiritualidad fluye de manera natural, a trav\u00e9s de la sencillez del estilo de vida, el respeto por el entorno y el profundo sentido de gratitud que se respira en cada actividad. Adem\u00e1s, la comunidad es maravillosa: personas amables y generosas que valoran las relaciones humanas armoniosas y el trabajo en equipo. Todo se desarrolla en un ambiente de colaboraci\u00f3n, respeto y aprendizaje mutuo.\u00bb (Silvana, Colombia)<\/p>\n<\/blockquote>\n\n\n\n<blockquote class=\"wp-block-quote is-layout-flow wp-block-quote-is-layout-flow\">\n<p>\u00abNuestra estad\u00eda en Tierra Habitada fue incre\u00edble. Pili y Jos\u00e9 han sido excelentes anfitriones, siempre muy preocupados por nuestro bienestar. Para nosotros ha sido una experiencia inspiradora, ya que al pasar por Tierra Habitada nuestra conciencia ambiental y social se ha visto beneficiada y nos dimos cuenta que con peque\u00f1os actos es posible generar cambios.\u00bb (Iv\u00e1n y Constanza. Chile)<\/p>\n<\/blockquote>\n\n\n\n<p>Tambi\u00e9n recordamos a los colegios de pedagog\u00eda Waldorf que, por cuarto a\u00f1o ya, han venido en primavera a convivir, disfrutar del entorno y conocer de primera mano algunos oficios tradicionales. Nos lo cuenta Roberto, uno de sus maestros:<\/p>\n\n\n\n<blockquote class=\"wp-block-quote is-layout-flow wp-block-quote-is-layout-flow\">\n<p>Las Escuelas Waldorf en su tercer a\u00f1o de primaria dedican un tiempo curricular a la \u00e9poca de oficios tradicionales. Ponemos en contacto a los ni\u00f1os con diversos oficios artesanales que hay o hayan existido en las cercan\u00edas de la regi\u00f3n donde viven, para que puedan percibir de forma directa cu\u00e1nto esfuerzo humano se halla escondido en cada uno de los objetos que utilizamos, en cada uno de los alimentos que tomamos y en cada una de las prendas de vestir que usamos, para que todo ello le lleve a desarrollar un sentimiento de agradecimiento hacia el Dios creador, hacia la naturaleza y hacia todos los dem\u00e1s seres humanos que han colaborado trabajando con sus manos para nosotros poder disfrutar de tantas cosas que usamos.<br>Veinti\u00fan ni\u00f1os y ni\u00f1as, con sus dos maestros de la Escuela Waldorf Artab\u00e1n (Galapagar, Madrid) hemos disfrutado de esta experiencia la \u00faltima semana de mayo. Llegamos a Ca\u00f1icosa, con la mochila llena de nervios e ilusi\u00f3n. En este lugar privilegiado rodeado de naturaleza, amor y sabidur\u00eda ecol\u00f3gica, disfrutamos de estos cuatro d\u00edas, tiempo m\u00ednimo para asimilar el sentimiento de agradecimiento; en menos tiempo no ser\u00eda posible esta asimilaci\u00f3n en el cuerpo vital de cada ni\u00f1o.<br>Los oficios artesanales y talleres que pudimos vivenciar durante este tiempo fueron incre\u00edbles, pero con lo que nos quedamos e hicimos un hueco en nuestra mochila como gran regalo, fue la cualidad humana, la sensaci\u00f3n de comunidad, el amor y respeto por el encuentro humano.<br>Agradecidos por encima de todo, de coraz\u00f3n a coraz\u00f3n, a todas las personas que fueron mostrando y ense\u00f1\u00e1ndonos su sabidur\u00eda y alegr\u00eda de sus diferentes oficios. \u201cNo nos queremos ir de Ca\u00f1icosa\u201d cantaban los ni\u00f1os y ni\u00f1as de la clase antes del regreso. \u00a1Profundo agradecimiento por esta vivencia que nunca olvidaremos!<\/p>\n<\/blockquote>\n\n\n\n<p>Cerr\u00e1bamos junio con la entra\u00f1able celebraci\u00f3n del solsticio, un nutrido encuentro de Espiritualidad, Arte y Compromiso (EAC) y en julio, un grupo de gimnasia Bothmer y un taller con personal de la fundaci\u00f3n Sp\u00ednola y Sp\u00ednola Solidaria. Ha sido un gusto recibir a tanta buena gente.<\/p>\n\n\n\n<p>Hoy recog\u00edamos los primeros calabacines de la temporada y ya nos hemos podido alimentar de fresas, frambuesas, lechugas, remolachas y guisantes. Nos sentimos muy agradecidos a los voluntarios y tanta gente que ha pasado por aqu\u00ed y ha hecho posible que podamos nutrirnos de lo que nos ofrece la tierra. Gracias a tantas personas que dejan su estela, que nos ayudan y animan a seguir haciendo de este lugar una Tierra Habitada.<\/p>\n\n\n\n<p>\u00a1Feliz verano para todos y todas!<\/p>\n\n\n<div class=\"wp-block-image\">\n<figure class=\"aligncenter size-full\"><img loading=\"lazy\" decoding=\"async\" width=\"600\" height=\"320\" src=\"https:\/\/www.tierrahabitada.org\/wp-content\/uploads\/2025\/07\/Solsticio-de-verano-2025.jpg\" alt=\"\" class=\"wp-image-920\" srcset=\"https:\/\/www.tierrahabitada.org\/wp-content\/uploads\/2025\/07\/Solsticio-de-verano-2025.jpg 600w, https:\/\/www.tierrahabitada.org\/wp-content\/uploads\/2025\/07\/Solsticio-de-verano-2025-300x160.jpg 300w\" sizes=\"auto, (max-width: 600px) 100vw, 600px\" \/><figcaption class=\"wp-element-caption\"><em>Celebraci\u00f3n del solsticio de verano<\/em><\/figcaption><\/figure><\/div>\n\n<div class=\"wp-block-image\">\n<figure class=\"aligncenter size-full\"><img loading=\"lazy\" decoding=\"async\" width=\"600\" height=\"320\" src=\"https:\/\/www.tierrahabitada.org\/wp-content\/uploads\/2025\/07\/Frambuesas.jpg\" alt=\"\" class=\"wp-image-922\" srcset=\"https:\/\/www.tierrahabitada.org\/wp-content\/uploads\/2025\/07\/Frambuesas.jpg 600w, https:\/\/www.tierrahabitada.org\/wp-content\/uploads\/2025\/07\/Frambuesas-300x160.jpg 300w\" sizes=\"auto, (max-width: 600px) 100vw, 600px\" \/><figcaption class=\"wp-element-caption\"><em>Frambuesas en su punto<\/em><\/figcaption><\/figure><\/div>\n\n<div class=\"wp-block-image\">\n<figure class=\"aligncenter size-full\"><img loading=\"lazy\" decoding=\"async\" width=\"600\" height=\"320\" src=\"https:\/\/www.tierrahabitada.org\/wp-content\/uploads\/2025\/07\/Huerto-verano-1.jpg\" alt=\"\" class=\"wp-image-927\" srcset=\"https:\/\/www.tierrahabitada.org\/wp-content\/uploads\/2025\/07\/Huerto-verano-1.jpg 600w, https:\/\/www.tierrahabitada.org\/wp-content\/uploads\/2025\/07\/Huerto-verano-1-300x160.jpg 300w\" sizes=\"auto, (max-width: 600px) 100vw, 600px\" \/><figcaption class=\"wp-element-caption\"><em>Huerto en temporada<\/em><\/figcaption><\/figure><\/div>\n\n<div class=\"wp-block-image\">\n<figure class=\"aligncenter size-full\"><img loading=\"lazy\" decoding=\"async\" width=\"600\" height=\"320\" src=\"https:\/\/www.tierrahabitada.org\/wp-content\/uploads\/2025\/07\/Huerto-zanahoria-y-puerro.jpg\" alt=\"\" class=\"wp-image-923\" srcset=\"https:\/\/www.tierrahabitada.org\/wp-content\/uploads\/2025\/07\/Huerto-zanahoria-y-puerro.jpg 600w, https:\/\/www.tierrahabitada.org\/wp-content\/uploads\/2025\/07\/Huerto-zanahoria-y-puerro-300x160.jpg 300w\" sizes=\"auto, (max-width: 600px) 100vw, 600px\" \/><figcaption class=\"wp-element-caption\"><em>Asomando las primeras zanahorias<\/em><\/figcaption><\/figure><\/div>\n\n<div class=\"wp-block-image\">\n<figure class=\"aligncenter size-full\"><img loading=\"lazy\" decoding=\"async\" width=\"600\" height=\"320\" src=\"https:\/\/www.tierrahabitada.org\/wp-content\/uploads\/2025\/07\/Luna-llena-de-verano.jpg\" alt=\"\" class=\"wp-image-921\" srcset=\"https:\/\/www.tierrahabitada.org\/wp-content\/uploads\/2025\/07\/Luna-llena-de-verano.jpg 600w, https:\/\/www.tierrahabitada.org\/wp-content\/uploads\/2025\/07\/Luna-llena-de-verano-300x160.jpg 300w\" sizes=\"auto, (max-width: 600px) 100vw, 600px\" \/><figcaption class=\"wp-element-caption\"><em>Luna (casi) llena de verano<\/em><\/figcaption><\/figure><\/div>","protected":false},"excerpt":{"rendered":"<p>Verano, tiempo de relajaci\u00f3n y de cosechar con agradecimiento los frutos de la tierra. As\u00ed hacemos estos d\u00edas, dando continuas gracias por todo lo recibido en los \u00faltimos meses y&#8230; <a class=\"read-more\" href=\"https:\/\/www.tierrahabitada.org\/index.php\/2025\/07\/18\/tiempo-de-verano\/\">[Continuar Leyendo]<\/a><\/p>\n","protected":false},"author":1,"featured_media":925,"comment_status":"open","ping_status":"open","sticky":false,"template":"","format":"standard","meta":{"footnotes":""},"categories":[10],"tags":[13],"class_list":["post-917","post","type-post","status-publish","format-standard","has-post-thumbnail","hentry","category-boletin","tag-verano"],"_links":{"self":[{"href":"https:\/\/www.tierrahabitada.org\/index.php\/wp-json\/wp\/v2\/posts\/917","targetHints":{"allow":["GET"]}}],"collection":[{"href":"https:\/\/www.tierrahabitada.org\/index.php\/wp-json\/wp\/v2\/posts"}],"about":[{"href":"https:\/\/www.tierrahabitada.org\/index.php\/wp-json\/wp\/v2\/types\/post"}],"author":[{"embeddable":true,"href":"https:\/\/www.tierrahabitada.org\/index.php\/wp-json\/wp\/v2\/users\/1"}],"replies":[{"embeddable":true,"href":"https:\/\/www.tierrahabitada.org\/index.php\/wp-json\/wp\/v2\/comments?post=917"}],"version-history":[{"count":5,"href":"https:\/\/www.tierrahabitada.org\/index.php\/wp-json\/wp\/v2\/posts\/917\/revisions"}],"predecessor-version":[{"id":930,"href":"https:\/\/www.tierrahabitada.org\/index.php\/wp-json\/wp\/v2\/posts\/917\/revisions\/930"}],"wp:featuredmedia":[{"embeddable":true,"href":"https:\/\/www.tierrahabitada.org\/index.php\/wp-json\/wp\/v2\/media\/925"}],"wp:attachment":[{"href":"https:\/\/www.tierrahabitada.org\/index.php\/wp-json\/wp\/v2\/media?parent=917"}],"wp:term":[{"taxonomy":"category","embeddable":true,"href":"https:\/\/www.tierrahabitada.org\/index.php\/wp-json\/wp\/v2\/categories?post=917"},{"taxonomy":"post_tag","embeddable":true,"href":"https:\/\/www.tierrahabitada.org\/index.php\/wp-json\/wp\/v2\/tags?post=917"}],"curies":[{"name":"wp","href":"https:\/\/api.w.org\/{rel}","templated":true}]}}