{"id":908,"date":"2025-06-18T09:12:16","date_gmt":"2025-06-18T09:12:16","guid":{"rendered":"https:\/\/www.tierrahabitada.org\/?p=908"},"modified":"2025-06-18T09:12:58","modified_gmt":"2025-06-18T09:12:58","slug":"celebracion-del-solsticio-de-verano-3","status":"publish","type":"post","link":"https:\/\/www.tierrahabitada.org\/index.php\/2025\/06\/18\/celebracion-del-solsticio-de-verano-3\/","title":{"rendered":"Celebraci\u00f3n del solsticio de verano"},"content":{"rendered":"\n<p>El s\u00e1bado 21 de junio a las 18.00 h. en la Casa San Mart\u00edn de Ca\u00f1icosa celebraremos el solsticio de verano: lecturas, poemas, danzas&#8230; \u00a1Os esperamos!<\/p>\n\n\n\n<figure class=\"wp-block-image size-full\"><img loading=\"lazy\" decoding=\"async\" width=\"900\" height=\"675\" src=\"https:\/\/www.tierrahabitada.org\/wp-content\/uploads\/2025\/06\/Solsticio-verano-2025.jpg\" alt=\"\" class=\"wp-image-909\" srcset=\"https:\/\/www.tierrahabitada.org\/wp-content\/uploads\/2025\/06\/Solsticio-verano-2025.jpg 900w, https:\/\/www.tierrahabitada.org\/wp-content\/uploads\/2025\/06\/Solsticio-verano-2025-300x225.jpg 300w, https:\/\/www.tierrahabitada.org\/wp-content\/uploads\/2025\/06\/Solsticio-verano-2025-768x576.jpg 768w\" sizes=\"auto, (max-width: 900px) 100vw, 900px\" \/><\/figure>\n","protected":false},"excerpt":{"rendered":"<p>El s\u00e1bado 21 de junio a las 18.00 h. en la Casa San Mart\u00edn de Ca\u00f1icosa celebraremos el solsticio de verano: lecturas, poemas, danzas&#8230; \u00a1Os esperamos!<\/p>\n","protected":false},"author":1,"featured_media":909,"comment_status":"open","ping_status":"open","sticky":false,"template":"","format":"standard","meta":{"footnotes":""},"categories":[12],"tags":[11],"class_list":["post-908","post","type-post","status-publish","format-standard","has-post-thumbnail","hentry","category-actividades","tag-actividades"],"_links":{"self":[{"href":"https:\/\/www.tierrahabitada.org\/index.php\/wp-json\/wp\/v2\/posts\/908","targetHints":{"allow":["GET"]}}],"collection":[{"href":"https:\/\/www.tierrahabitada.org\/index.php\/wp-json\/wp\/v2\/posts"}],"about":[{"href":"https:\/\/www.tierrahabitada.org\/index.php\/wp-json\/wp\/v2\/types\/post"}],"author":[{"embeddable":true,"href":"https:\/\/www.tierrahabitada.org\/index.php\/wp-json\/wp\/v2\/users\/1"}],"replies":[{"embeddable":true,"href":"https:\/\/www.tierrahabitada.org\/index.php\/wp-json\/wp\/v2\/comments?post=908"}],"version-history":[{"count":3,"href":"https:\/\/www.tierrahabitada.org\/index.php\/wp-json\/wp\/v2\/posts\/908\/revisions"}],"predecessor-version":[{"id":912,"href":"https:\/\/www.tierrahabitada.org\/index.php\/wp-json\/wp\/v2\/posts\/908\/revisions\/912"}],"wp:featuredmedia":[{"embeddable":true,"href":"https:\/\/www.tierrahabitada.org\/index.php\/wp-json\/wp\/v2\/media\/909"}],"wp:attachment":[{"href":"https:\/\/www.tierrahabitada.org\/index.php\/wp-json\/wp\/v2\/media?parent=908"}],"wp:term":[{"taxonomy":"category","embeddable":true,"href":"https:\/\/www.tierrahabitada.org\/index.php\/wp-json\/wp\/v2\/categories?post=908"},{"taxonomy":"post_tag","embeddable":true,"href":"https:\/\/www.tierrahabitada.org\/index.php\/wp-json\/wp\/v2\/tags?post=908"}],"curies":[{"name":"wp","href":"https:\/\/api.w.org\/{rel}","templated":true}]}}