{"id":901,"date":"2025-05-04T19:55:38","date_gmt":"2025-05-04T19:55:38","guid":{"rendered":"https:\/\/www.tierrahabitada.org\/?p=901"},"modified":"2025-05-04T19:55:38","modified_gmt":"2025-05-04T19:55:38","slug":"conferencia-de-anton-kimpfler-3","status":"publish","type":"post","link":"https:\/\/www.tierrahabitada.org\/index.php\/2025\/05\/04\/conferencia-de-anton-kimpfler-3\/","title":{"rendered":"Conferencia de Anton Kimpfler"},"content":{"rendered":"\n<p>Un a\u00f1o m\u00e1s vuelve a Ca\u00f1icosa el escritor y especialista en antroposof\u00eda <strong>Anton Kimpfler<\/strong>. Una vez m\u00e1s tendremos ocasi\u00f3n de recibir su sabidur\u00eda y visi\u00f3n de la situaci\u00f3n del mundo, esta vez bajo el tema <strong>\u00abCaminos de salud para el ser humano y la naturaleza. C\u00f3mo poner l\u00edmites a la t\u00e9cnica\u00bb<\/strong>.<br>Pr\u00f3ximo <strong>mi\u00e9rcoles 7 de mayo a las 19.00 h. en la sala de la Casa San Mart\u00edn<\/strong>.<br>Conferencia en alem\u00e1n con traducci\u00f3n simult\u00e1nea.<\/p>\n","protected":false},"excerpt":{"rendered":"<p>Un a\u00f1o m\u00e1s vuelve a Ca\u00f1icosa el escritor y especialista en antroposof\u00eda Anton Kimpfler. Una vez m\u00e1s tendremos ocasi\u00f3n de recibir su sabidur\u00eda y visi\u00f3n de la situaci\u00f3n del mundo,&#8230; <a class=\"read-more\" href=\"https:\/\/www.tierrahabitada.org\/index.php\/2025\/05\/04\/conferencia-de-anton-kimpfler-3\/\">[Continuar Leyendo]<\/a><\/p>\n","protected":false},"author":1,"featured_media":904,"comment_status":"open","ping_status":"open","sticky":false,"template":"","format":"standard","meta":{"footnotes":""},"categories":[12],"tags":[],"class_list":["post-901","post","type-post","status-publish","format-standard","has-post-thumbnail","hentry","category-actividades"],"_links":{"self":[{"href":"https:\/\/www.tierrahabitada.org\/index.php\/wp-json\/wp\/v2\/posts\/901","targetHints":{"allow":["GET"]}}],"collection":[{"href":"https:\/\/www.tierrahabitada.org\/index.php\/wp-json\/wp\/v2\/posts"}],"about":[{"href":"https:\/\/www.tierrahabitada.org\/index.php\/wp-json\/wp\/v2\/types\/post"}],"author":[{"embeddable":true,"href":"https:\/\/www.tierrahabitada.org\/index.php\/wp-json\/wp\/v2\/users\/1"}],"replies":[{"embeddable":true,"href":"https:\/\/www.tierrahabitada.org\/index.php\/wp-json\/wp\/v2\/comments?post=901"}],"version-history":[{"count":3,"href":"https:\/\/www.tierrahabitada.org\/index.php\/wp-json\/wp\/v2\/posts\/901\/revisions"}],"predecessor-version":[{"id":906,"href":"https:\/\/www.tierrahabitada.org\/index.php\/wp-json\/wp\/v2\/posts\/901\/revisions\/906"}],"wp:featuredmedia":[{"embeddable":true,"href":"https:\/\/www.tierrahabitada.org\/index.php\/wp-json\/wp\/v2\/media\/904"}],"wp:attachment":[{"href":"https:\/\/www.tierrahabitada.org\/index.php\/wp-json\/wp\/v2\/media?parent=901"}],"wp:term":[{"taxonomy":"category","embeddable":true,"href":"https:\/\/www.tierrahabitada.org\/index.php\/wp-json\/wp\/v2\/categories?post=901"},{"taxonomy":"post_tag","embeddable":true,"href":"https:\/\/www.tierrahabitada.org\/index.php\/wp-json\/wp\/v2\/tags?post=901"}],"curies":[{"name":"wp","href":"https:\/\/api.w.org\/{rel}","templated":true}]}}