{"id":880,"date":"2025-03-17T19:35:44","date_gmt":"2025-03-17T19:35:44","guid":{"rendered":"https:\/\/www.tierrahabitada.org\/?p=880"},"modified":"2025-03-23T09:19:40","modified_gmt":"2025-03-23T09:19:40","slug":"inauguracion-de-la-casa-comun","status":"publish","type":"post","link":"https:\/\/www.tierrahabitada.org\/index.php\/2025\/03\/17\/inauguracion-de-la-casa-comun\/","title":{"rendered":"Inauguraci\u00f3n de la Casa Com\u00fan"},"content":{"rendered":"\n<p>Una vez recibidos los permisos municipales, coincidiendo con la llegada de la primavera, el pasado 20 de marzo hemos celebrado la inauguraci\u00f3n de la Casa Com\u00fan. Unas instalaciones que completan las de la <a href=\"https:\/\/www.tierrahabitada.org\/index.php\/casa-san-martin\/\">Casa San Mart\u00edn<\/a> y nos permite acoger a grupos m\u00e1s numerosos a la vez que poder recibir a dos grupos simult\u00e1neamente. Pueden verse fotos de la casa en <a href=\"https:\/\/www.tierrahabitada.org\/index.php\/casa-comun\/\">este enlace<\/a>.<\/p>\n\n\n\n<p>Comenzamos la celebraci\u00f3n recordando la <strong>historia<\/strong> del terreno y construcci\u00f3n, de la mano de In\u00e9s, Leonor, Amelia y Hermelinda, las fundadoras de este lugar que Tierra Habitada ha heredado. Lo que ha sido durante muchos a\u00f1os una nave para talleres con ni\u00f1os, almac\u00e9n y garaje, se ha transformado en un alojamiento cuyos <strong>criterios constructivos<\/strong> nos explic\u00f3 Jos\u00e9 Luis, vecino, carpintero y el constructor de la reforma: materiales naturales libres de t\u00f3xicos, cuidado aislamiento t\u00e9rmico, apantallamiento de la instalaci\u00f3n el\u00e9ctrica\u2026 Todo pensado para ofrecer un espacio en armon\u00eda con la naturaleza y limpio de qu\u00edmicos y radiaciones electromagn\u00e9ticas, apto para acoger a personas sensibles, as\u00ed como a quienes tienen movilidad reducida.<\/p>\n\n\n\n<p>Recordamos tambi\u00e9n c\u00f3mo esta \u201cCasa Com\u00fan\u201d bebe del esp\u00edritu de la enc\u00edclica del papa Francisco <em><strong>Laudato si\u2019. Sobre el cuidado de nuestra casa com\u00fan<\/strong><\/em>, con la lectura de algunas citas significativas.<\/p>\n\n\n\n<p>No falt\u00f3 la parte <strong>art\u00edstica<\/strong>, empezando por el agradecimiento a Annabel, una voluntaria alemana que ha pasado hace poco por aqu\u00ed, por el precioso mural del recibidor, y continuando con lecturas, poemas y canci\u00f3n. Tampoco falt\u00f3 un <strong>momento espiritual<\/strong> en el que, manos entrelazadas, guardamos silencio para armonizar todos nuestros buenos deseos para este espacio.<\/p>\n\n\n\n<p>La celebraci\u00f3n continu\u00f3 en torno a la mesa provista de alimentos ecol\u00f3gicos, locales y veganos (estos \u00faltimos de nuestras amigas de <a href=\"https:\/\/www.instagram.com\/prende.mecha\">Prendemecha<\/a>), afianzando los lazos comunitarios que se van creando entre todos los que participamos de este hermoso proyecto llamado Tierra Habitada.<\/p>\n\n\n<div class=\"wp-block-image\">\n<figure class=\"aligncenter size-full\"><img loading=\"lazy\" decoding=\"async\" width=\"900\" height=\"658\" src=\"https:\/\/www.tierrahabitada.org\/wp-content\/uploads\/2025\/03\/Mural_recibidor.jpg\" alt=\"\" class=\"wp-image-891\" srcset=\"https:\/\/www.tierrahabitada.org\/wp-content\/uploads\/2025\/03\/Mural_recibidor.jpg 900w, https:\/\/www.tierrahabitada.org\/wp-content\/uploads\/2025\/03\/Mural_recibidor-300x219.jpg 300w, https:\/\/www.tierrahabitada.org\/wp-content\/uploads\/2025\/03\/Mural_recibidor-768x561.jpg 768w\" sizes=\"auto, (max-width: 900px) 100vw, 900px\" \/><figcaption class=\"wp-element-caption\"><em>El mural del recibidor, obra de Annabel Kauffman<\/em><\/figcaption><\/figure><\/div>\n\n<div class=\"wp-block-image\">\n<figure class=\"aligncenter size-full\"><img loading=\"lazy\" decoding=\"async\" width=\"900\" height=\"500\" src=\"https:\/\/www.tierrahabitada.org\/wp-content\/uploads\/2025\/03\/Foto_celebracion.jpg\" alt=\"\" class=\"wp-image-892\" srcset=\"https:\/\/www.tierrahabitada.org\/wp-content\/uploads\/2025\/03\/Foto_celebracion.jpg 900w, https:\/\/www.tierrahabitada.org\/wp-content\/uploads\/2025\/03\/Foto_celebracion-300x167.jpg 300w, https:\/\/www.tierrahabitada.org\/wp-content\/uploads\/2025\/03\/Foto_celebracion-768x427.jpg 768w\" sizes=\"auto, (max-width: 900px) 100vw, 900px\" \/><figcaption class=\"wp-element-caption\"><em>Un momento de la celebraci\u00f3n<\/em><\/figcaption><\/figure><\/div>","protected":false},"excerpt":{"rendered":"<p>Una vez recibidos los permisos municipales, coincidiendo con la llegada de la primavera, el pasado 20 de marzo hemos celebrado la inauguraci\u00f3n de la Casa Com\u00fan. Unas instalaciones que completan&#8230; <a class=\"read-more\" href=\"https:\/\/www.tierrahabitada.org\/index.php\/2025\/03\/17\/inauguracion-de-la-casa-comun\/\">[Continuar Leyendo]<\/a><\/p>\n","protected":false},"author":1,"featured_media":888,"comment_status":"open","ping_status":"open","sticky":false,"template":"","format":"standard","meta":{"footnotes":""},"categories":[1],"tags":[11],"class_list":["post-880","post","type-post","status-publish","format-standard","has-post-thumbnail","hentry","category-sin-categoria","tag-actividades"],"_links":{"self":[{"href":"https:\/\/www.tierrahabitada.org\/index.php\/wp-json\/wp\/v2\/posts\/880","targetHints":{"allow":["GET"]}}],"collection":[{"href":"https:\/\/www.tierrahabitada.org\/index.php\/wp-json\/wp\/v2\/posts"}],"about":[{"href":"https:\/\/www.tierrahabitada.org\/index.php\/wp-json\/wp\/v2\/types\/post"}],"author":[{"embeddable":true,"href":"https:\/\/www.tierrahabitada.org\/index.php\/wp-json\/wp\/v2\/users\/1"}],"replies":[{"embeddable":true,"href":"https:\/\/www.tierrahabitada.org\/index.php\/wp-json\/wp\/v2\/comments?post=880"}],"version-history":[{"count":8,"href":"https:\/\/www.tierrahabitada.org\/index.php\/wp-json\/wp\/v2\/posts\/880\/revisions"}],"predecessor-version":[{"id":899,"href":"https:\/\/www.tierrahabitada.org\/index.php\/wp-json\/wp\/v2\/posts\/880\/revisions\/899"}],"wp:featuredmedia":[{"embeddable":true,"href":"https:\/\/www.tierrahabitada.org\/index.php\/wp-json\/wp\/v2\/media\/888"}],"wp:attachment":[{"href":"https:\/\/www.tierrahabitada.org\/index.php\/wp-json\/wp\/v2\/media?parent=880"}],"wp:term":[{"taxonomy":"category","embeddable":true,"href":"https:\/\/www.tierrahabitada.org\/index.php\/wp-json\/wp\/v2\/categories?post=880"},{"taxonomy":"post_tag","embeddable":true,"href":"https:\/\/www.tierrahabitada.org\/index.php\/wp-json\/wp\/v2\/tags?post=880"}],"curies":[{"name":"wp","href":"https:\/\/api.w.org\/{rel}","templated":true}]}}