{"id":829,"date":"2025-01-26T20:13:10","date_gmt":"2025-01-26T20:13:10","guid":{"rendered":"https:\/\/www.tierrahabitada.org\/?p=829"},"modified":"2025-01-26T20:13:10","modified_gmt":"2025-01-26T20:13:10","slug":"una-mirada-al-pasado-y-al-devenir-del-nuevo-ano","status":"publish","type":"post","link":"https:\/\/www.tierrahabitada.org\/index.php\/2025\/01\/26\/una-mirada-al-pasado-y-al-devenir-del-nuevo-ano\/","title":{"rendered":"Una mirada al pasado y al devenir del nuevo a\u00f1o"},"content":{"rendered":"\n<p>Comenzamos el a\u00f1o echando la vista atr\u00e1s, m\u00e1s all\u00e1 del a\u00f1o que termin\u00f3. En la web de Tierra Habitada acabamos de inaugurar:<\/p>\n\n\n\n<ul class=\"wp-block-list\"><li><strong><a href=\"https:\/\/www.tierrahabitada.org\/index.php\/historia\/\">Una secci\u00f3n de \u201cHistoria\u201d<\/a><\/strong> en la que narramos la llegada a Ca\u00f1icosa en 1977 de In\u00e9s, Leonor, Amelia y Hermelinda, su forma de vida y primeras actividades, la reforma de la Casa San Mart\u00edn, la compra y construcci\u00f3n de la \u201ccasa de la huerta\u201d y toda la vida que fue generando tan hermoso proyecto. \u00abYa solo queda dar gracias infinitas al Mundo Divino y al humano, as\u00ed como a toda la Naturaleza por tantos dones recibidos en la Casa San Mart\u00edn y tant\u00edsimas personas con las que nos hemos encontrado y compartido\u00bb.<\/li><li><strong><a href=\"https:\/\/www.tierrahabitada.org\/index.php\/galeria-de-fotos\/\">Una galer\u00eda de \u201cFotos para la historia\u201d<\/a><\/strong>, que quiere ser un breve recordatorio gr\u00e1fico de lo acontecido en Ca\u00f1icosa desde hace casi cinco d\u00e9cadas.<br>Queden estas dos secciones como reconocimiento agradecido a quienes nos han precedido y legado una herencia espiritual y material tan valiosa.<\/li><\/ul>\n\n\n\n<div class=\"wp-block-image\"><figure class=\"aligncenter size-full\"><img loading=\"lazy\" decoding=\"async\" width=\"600\" height=\"320\" src=\"https:\/\/www.tierrahabitada.org\/wp-content\/uploads\/2025\/01\/Casa_San_Martin_1986.jpg\" alt=\"\" class=\"wp-image-831\" srcset=\"https:\/\/www.tierrahabitada.org\/wp-content\/uploads\/2025\/01\/Casa_San_Martin_1986.jpg 600w, https:\/\/www.tierrahabitada.org\/wp-content\/uploads\/2025\/01\/Casa_San_Martin_1986-300x160.jpg 300w\" sizes=\"auto, (max-width: 600px) 100vw, 600px\" \/><figcaption><em>La Casa San Mart\u00edn antes de la reforma de 1987<\/em><\/figcaption><\/figure><\/div>\n\n\n\n<p>Tras la pausa navide\u00f1a, con el reciente encuentro de Balk Folk se retoma el ritmo de actividades en fines de semana: convivencias, euritmia, danza, yoga\u2026 A partir de febrero esperamos voluntarios internacionales, que nos ayudar\u00e1n con las tareas de mantenimiento y preparaci\u00f3n de la tierra, a la vez que supondr\u00e1n nuevas oportunidades de compartir y enriquecernos mutuamente. A\u00fan es invierno (aunque cada a\u00f1o nieva menos), y la tierra necesita este tiempo de fr\u00edo, pero sabemos que vendr\u00e1 la primavera con sus promesas.<\/p>\n\n\n\n<p>Mientras tanto, aprovechamos estos d\u00edas de recogimiento e interioridad. Un tiempo para estar m\u00e1s dentro que fuera, al ritmo de la naturaleza. Para quienes viven en ciudades, enero es un mes parecido a otros meses: mismas rutinas, horarios y trabajos. Para quienes vivimos tan cerca de la naturaleza, enero es un mes oscuro y fr\u00edo, que invita a cambiar el ritmo de actividades y vivir m\u00e1s de cara hacia dentro, con la esperanza de los d\u00edas que se van prolongando sutilmente.<\/p>\n\n\n\n<div class=\"wp-block-image\"><figure class=\"aligncenter size-full\"><img loading=\"lazy\" decoding=\"async\" width=\"600\" height=\"320\" src=\"https:\/\/www.tierrahabitada.org\/wp-content\/uploads\/2025\/01\/Amanecer_invernal.jpg\" alt=\"\" class=\"wp-image-832\" srcset=\"https:\/\/www.tierrahabitada.org\/wp-content\/uploads\/2025\/01\/Amanecer_invernal.jpg 600w, https:\/\/www.tierrahabitada.org\/wp-content\/uploads\/2025\/01\/Amanecer_invernal-300x160.jpg 300w\" sizes=\"auto, (max-width: 600px) 100vw, 600px\" \/><figcaption><em>Amanecer invernal<\/em><\/figcaption><\/figure><\/div>\n","protected":false},"excerpt":{"rendered":"<p>Comenzamos el a\u00f1o echando la vista atr\u00e1s, m\u00e1s all\u00e1 del a\u00f1o que termin\u00f3. En la web de Tierra Habitada acabamos de inaugurar: Una secci\u00f3n de \u201cHistoria\u201d en la que narramos&#8230; <a class=\"read-more\" href=\"https:\/\/www.tierrahabitada.org\/index.php\/2025\/01\/26\/una-mirada-al-pasado-y-al-devenir-del-nuevo-ano\/\">[Continuar Leyendo]<\/a><\/p>\n","protected":false},"author":1,"featured_media":830,"comment_status":"open","ping_status":"open","sticky":false,"template":"","format":"standard","meta":{"footnotes":""},"categories":[10],"tags":[],"class_list":["post-829","post","type-post","status-publish","format-standard","has-post-thumbnail","hentry","category-boletin"],"_links":{"self":[{"href":"https:\/\/www.tierrahabitada.org\/index.php\/wp-json\/wp\/v2\/posts\/829","targetHints":{"allow":["GET"]}}],"collection":[{"href":"https:\/\/www.tierrahabitada.org\/index.php\/wp-json\/wp\/v2\/posts"}],"about":[{"href":"https:\/\/www.tierrahabitada.org\/index.php\/wp-json\/wp\/v2\/types\/post"}],"author":[{"embeddable":true,"href":"https:\/\/www.tierrahabitada.org\/index.php\/wp-json\/wp\/v2\/users\/1"}],"replies":[{"embeddable":true,"href":"https:\/\/www.tierrahabitada.org\/index.php\/wp-json\/wp\/v2\/comments?post=829"}],"version-history":[{"count":2,"href":"https:\/\/www.tierrahabitada.org\/index.php\/wp-json\/wp\/v2\/posts\/829\/revisions"}],"predecessor-version":[{"id":834,"href":"https:\/\/www.tierrahabitada.org\/index.php\/wp-json\/wp\/v2\/posts\/829\/revisions\/834"}],"wp:featuredmedia":[{"embeddable":true,"href":"https:\/\/www.tierrahabitada.org\/index.php\/wp-json\/wp\/v2\/media\/830"}],"wp:attachment":[{"href":"https:\/\/www.tierrahabitada.org\/index.php\/wp-json\/wp\/v2\/media?parent=829"}],"wp:term":[{"taxonomy":"category","embeddable":true,"href":"https:\/\/www.tierrahabitada.org\/index.php\/wp-json\/wp\/v2\/categories?post=829"},{"taxonomy":"post_tag","embeddable":true,"href":"https:\/\/www.tierrahabitada.org\/index.php\/wp-json\/wp\/v2\/tags?post=829"}],"curies":[{"name":"wp","href":"https:\/\/api.w.org\/{rel}","templated":true}]}}