{"id":770,"date":"2024-10-20T18:35:15","date_gmt":"2024-10-20T18:35:15","guid":{"rendered":"https:\/\/www.tierrahabitada.org\/?p=770"},"modified":"2024-10-20T18:35:15","modified_gmt":"2024-10-20T18:35:15","slug":"el-otono-invita-a-cambiar","status":"publish","type":"post","link":"https:\/\/www.tierrahabitada.org\/index.php\/2024\/10\/20\/el-otono-invita-a-cambiar\/","title":{"rendered":"El oto\u00f1o invita a cambiar"},"content":{"rendered":"\n<p>El oto\u00f1o siempre invita a cambiar. Atr\u00e1s qued\u00f3 el verano con sus actividades: cursos de formaci\u00f3n, visitas de amigos y un \u201ccampo de trabajo\u201d de j\u00f3venes madrile\u00f1as a finales de agosto. Estamos ya inmersos en el nuevo ciclo, retomando las actividades habituales en la Casa San Mart\u00edn (meditaciones los jueves por la tarde y grupo de danza contact los lunes) y acogiendo grupos los fines de semana: ecoespiritualidad, euritmia, escritura creativa, yoga, m\u00fasica, danza\u2026 Adem\u00e1s siguen viniendo amigos, conocidos o gente que nos quiere conocer o que necesita desconectar-reconectar unos d\u00edas. Nos alegra poder seguir ofrececiendo este lugar que quiere invitar al reposo, la cercan\u00eda a la naturaleza y la vida comunitaria.<\/p>\n\n\n\n<p>Los colores del oto\u00f1o nos acompa\u00f1an en este cambio de estaci\u00f3n. Con las lluvias de final de verano y las m\u00e1s recientes la tierra ha ido pasando del marr\u00f3n al verde. Un fen\u00f3meno que no por esperado nos deja de sorprender cada a\u00f1o. La vida, oculta bajo el suelo seco, vuelve a brotar gracias al prodigio del agua. \u00a1Qu\u00e9 maravilla de naturaleza! Y qu\u00e9 privilegio vivir tan inmersos en ella.<\/p>\n\n\n\n<p>La tierra reverdece mientras que los \u00e1rboles van pasando del verde al amarillo y luego al marr\u00f3n. Un intercambio rec\u00edproco de colores no menos asombroso. El cielo tambi\u00e9n se suma a esta colorida transformaci\u00f3n, dejando atr\u00e1s los azules veraniegos y ti\u00f1endo de grises la b\u00f3veda diurna.<\/p>\n\n\n\n<p>Marr\u00f3n, verde, amarillo, gris\u2026 a los que se a\u00f1ade el morado de las uvas y las moras, con las que hemos hecho ricos zumos y mermeladas. Y el naranja de los n\u00edscalos del pinar y de las calabazas potimarronas de la huerta, ya casi los \u00faltimos frutos de esta temporada. \u00a1Gracias, madre tierra, por ser tan generosa!<\/p>\n\n\n\n<p>\u00bfM\u00e1s colores oto\u00f1ales? El azul de las endrinas y el rojo de los frutos del escaramujo, ricos en vitamina C, cuyo zumo nos ense\u00f1\u00f3 a obtener una voluntaria h\u00fangara que ha pasado dos semanas con nosotros. Seguimos recibiendo voluntarios, que ofrecen, m\u00e1s all\u00e1 de su trabajo, su experiencia de vida y un precioso intercambio cultural que enriquece a ambas partes. Gracias tambi\u00e9n a todos ellos.<\/p>\n\n\n\n<p>Este a\u00f1o celebraremos la fiesta de San Mart\u00edn el s\u00e1bado 9 de noviembre a partir de las 16.30 h. con un programa similar al de a\u00f1os anteriores: taller de farolillos, teatrillo, procesi\u00f3n y chocolatada. Agradecemos confirmaci\u00f3n de asistencia (sobre todo de ni\u00f1os) para prever los materiales y la merienda. \u00a1Os esperamos!<\/p>\n\n\n\n<figure class=\"wp-block-image size-full\"><img loading=\"lazy\" decoding=\"async\" width=\"600\" height=\"320\" src=\"https:\/\/www.tierrahabitada.org\/wp-content\/uploads\/2024\/10\/Verdes-y-marrones.jpg\" alt=\"\" class=\"wp-image-772\" srcset=\"https:\/\/www.tierrahabitada.org\/wp-content\/uploads\/2024\/10\/Verdes-y-marrones.jpg 600w, https:\/\/www.tierrahabitada.org\/wp-content\/uploads\/2024\/10\/Verdes-y-marrones-300x160.jpg 300w\" sizes=\"auto, (max-width: 600px) 100vw, 600px\" \/><figcaption><em>verdes y marrones<\/em><\/figcaption><\/figure>\n\n\n\n<figure class=\"wp-block-image size-full\"><img loading=\"lazy\" decoding=\"async\" width=\"600\" height=\"320\" src=\"https:\/\/www.tierrahabitada.org\/wp-content\/uploads\/2024\/10\/Escaramujo.jpg\" alt=\"\" class=\"wp-image-773\" srcset=\"https:\/\/www.tierrahabitada.org\/wp-content\/uploads\/2024\/10\/Escaramujo.jpg 600w, https:\/\/www.tierrahabitada.org\/wp-content\/uploads\/2024\/10\/Escaramujo-300x160.jpg 300w\" sizes=\"auto, (max-width: 600px) 100vw, 600px\" \/><figcaption><em>Frutos del escaramujo<\/em><\/figcaption><\/figure>\n\n\n\n<figure class=\"wp-block-image size-full\"><img loading=\"lazy\" decoding=\"async\" width=\"600\" height=\"320\" src=\"https:\/\/www.tierrahabitada.org\/wp-content\/uploads\/2024\/10\/Grises-en-el-cielo.jpg\" alt=\"\" class=\"wp-image-774\" srcset=\"https:\/\/www.tierrahabitada.org\/wp-content\/uploads\/2024\/10\/Grises-en-el-cielo.jpg 600w, https:\/\/www.tierrahabitada.org\/wp-content\/uploads\/2024\/10\/Grises-en-el-cielo-300x160.jpg 300w\" sizes=\"auto, (max-width: 600px) 100vw, 600px\" \/><figcaption><em>Grises en el cielo<\/em><\/figcaption><\/figure>\n\n\n\n<figure class=\"wp-block-image size-large\"><img loading=\"lazy\" decoding=\"async\" width=\"1024\" height=\"765\" src=\"https:\/\/www.tierrahabitada.org\/wp-content\/uploads\/2024\/10\/Cartel-Fiesta-San-Martin-2024-1024x765.jpg\" alt=\"\" class=\"wp-image-775\" srcset=\"https:\/\/www.tierrahabitada.org\/wp-content\/uploads\/2024\/10\/Cartel-Fiesta-San-Martin-2024-1024x765.jpg 1024w, https:\/\/www.tierrahabitada.org\/wp-content\/uploads\/2024\/10\/Cartel-Fiesta-San-Martin-2024-300x224.jpg 300w, https:\/\/www.tierrahabitada.org\/wp-content\/uploads\/2024\/10\/Cartel-Fiesta-San-Martin-2024-768x574.jpg 768w, https:\/\/www.tierrahabitada.org\/wp-content\/uploads\/2024\/10\/Cartel-Fiesta-San-Martin-2024.jpg 1197w\" sizes=\"auto, (max-width: 1024px) 100vw, 1024px\" \/><\/figure>\n","protected":false},"excerpt":{"rendered":"<p>El oto\u00f1o siempre invita a cambiar. Atr\u00e1s qued\u00f3 el verano con sus actividades: cursos de formaci\u00f3n, visitas de amigos y un \u201ccampo de trabajo\u201d de j\u00f3venes madrile\u00f1as a finales de&#8230; <a class=\"read-more\" href=\"https:\/\/www.tierrahabitada.org\/index.php\/2024\/10\/20\/el-otono-invita-a-cambiar\/\">[Continuar Leyendo]<\/a><\/p>\n","protected":false},"author":1,"featured_media":771,"comment_status":"open","ping_status":"open","sticky":false,"template":"","format":"standard","meta":{"footnotes":""},"categories":[10],"tags":[],"class_list":["post-770","post","type-post","status-publish","format-standard","has-post-thumbnail","hentry","category-boletin"],"_links":{"self":[{"href":"https:\/\/www.tierrahabitada.org\/index.php\/wp-json\/wp\/v2\/posts\/770","targetHints":{"allow":["GET"]}}],"collection":[{"href":"https:\/\/www.tierrahabitada.org\/index.php\/wp-json\/wp\/v2\/posts"}],"about":[{"href":"https:\/\/www.tierrahabitada.org\/index.php\/wp-json\/wp\/v2\/types\/post"}],"author":[{"embeddable":true,"href":"https:\/\/www.tierrahabitada.org\/index.php\/wp-json\/wp\/v2\/users\/1"}],"replies":[{"embeddable":true,"href":"https:\/\/www.tierrahabitada.org\/index.php\/wp-json\/wp\/v2\/comments?post=770"}],"version-history":[{"count":1,"href":"https:\/\/www.tierrahabitada.org\/index.php\/wp-json\/wp\/v2\/posts\/770\/revisions"}],"predecessor-version":[{"id":776,"href":"https:\/\/www.tierrahabitada.org\/index.php\/wp-json\/wp\/v2\/posts\/770\/revisions\/776"}],"wp:featuredmedia":[{"embeddable":true,"href":"https:\/\/www.tierrahabitada.org\/index.php\/wp-json\/wp\/v2\/media\/771"}],"wp:attachment":[{"href":"https:\/\/www.tierrahabitada.org\/index.php\/wp-json\/wp\/v2\/media?parent=770"}],"wp:term":[{"taxonomy":"category","embeddable":true,"href":"https:\/\/www.tierrahabitada.org\/index.php\/wp-json\/wp\/v2\/categories?post=770"},{"taxonomy":"post_tag","embeddable":true,"href":"https:\/\/www.tierrahabitada.org\/index.php\/wp-json\/wp\/v2\/tags?post=770"}],"curies":[{"name":"wp","href":"https:\/\/api.w.org\/{rel}","templated":true}]}}