{"id":759,"date":"2024-06-19T18:25:58","date_gmt":"2024-06-19T18:25:58","guid":{"rendered":"https:\/\/www.tierrahabitada.org\/?p=759"},"modified":"2024-06-19T18:27:07","modified_gmt":"2024-06-19T18:27:07","slug":"celebracion-del-solsticio-de-verano-2","status":"publish","type":"post","link":"https:\/\/www.tierrahabitada.org\/index.php\/2024\/06\/19\/celebracion-del-solsticio-de-verano-2\/","title":{"rendered":"Celebraci\u00f3n del solsticio de verano"},"content":{"rendered":"\n<p>El pr\u00f3ximo domingo 23 de junio a las 19 h. celebraremos un a\u00f1o m\u00e1s el solsticio de verano en la Casa San Mart\u00edn, este a\u00f1o con cena compartida y una discreta hoguera de San Juan. \u00a1Os esperamos! (Mejor si confirm\u00e1is asistencia)  <\/p>\n","protected":false},"excerpt":{"rendered":"<p>El pr\u00f3ximo domingo 23 de junio a las 19 h. celebraremos un a\u00f1o m\u00e1s el solsticio de verano en la Casa San Mart\u00edn, este a\u00f1o con cena compartida y una&#8230; <a class=\"read-more\" href=\"https:\/\/www.tierrahabitada.org\/index.php\/2024\/06\/19\/celebracion-del-solsticio-de-verano-2\/\">[Continuar Leyendo]<\/a><\/p>\n","protected":false},"author":1,"featured_media":760,"comment_status":"open","ping_status":"open","sticky":false,"template":"","format":"standard","meta":{"footnotes":""},"categories":[12],"tags":[],"class_list":["post-759","post","type-post","status-publish","format-standard","has-post-thumbnail","hentry","category-actividades"],"_links":{"self":[{"href":"https:\/\/www.tierrahabitada.org\/index.php\/wp-json\/wp\/v2\/posts\/759","targetHints":{"allow":["GET"]}}],"collection":[{"href":"https:\/\/www.tierrahabitada.org\/index.php\/wp-json\/wp\/v2\/posts"}],"about":[{"href":"https:\/\/www.tierrahabitada.org\/index.php\/wp-json\/wp\/v2\/types\/post"}],"author":[{"embeddable":true,"href":"https:\/\/www.tierrahabitada.org\/index.php\/wp-json\/wp\/v2\/users\/1"}],"replies":[{"embeddable":true,"href":"https:\/\/www.tierrahabitada.org\/index.php\/wp-json\/wp\/v2\/comments?post=759"}],"version-history":[{"count":2,"href":"https:\/\/www.tierrahabitada.org\/index.php\/wp-json\/wp\/v2\/posts\/759\/revisions"}],"predecessor-version":[{"id":762,"href":"https:\/\/www.tierrahabitada.org\/index.php\/wp-json\/wp\/v2\/posts\/759\/revisions\/762"}],"wp:featuredmedia":[{"embeddable":true,"href":"https:\/\/www.tierrahabitada.org\/index.php\/wp-json\/wp\/v2\/media\/760"}],"wp:attachment":[{"href":"https:\/\/www.tierrahabitada.org\/index.php\/wp-json\/wp\/v2\/media?parent=759"}],"wp:term":[{"taxonomy":"category","embeddable":true,"href":"https:\/\/www.tierrahabitada.org\/index.php\/wp-json\/wp\/v2\/categories?post=759"},{"taxonomy":"post_tag","embeddable":true,"href":"https:\/\/www.tierrahabitada.org\/index.php\/wp-json\/wp\/v2\/tags?post=759"}],"curies":[{"name":"wp","href":"https:\/\/api.w.org\/{rel}","templated":true}]}}