{"id":749,"date":"2024-05-28T18:04:55","date_gmt":"2024-05-28T18:04:55","guid":{"rendered":"https:\/\/www.tierrahabitada.org\/?p=749"},"modified":"2024-05-28T18:04:55","modified_gmt":"2024-05-28T18:04:55","slug":"descansados-por-fuera-y-removidos-por-dentro","status":"publish","type":"post","link":"https:\/\/www.tierrahabitada.org\/index.php\/2024\/05\/28\/descansados-por-fuera-y-removidos-por-dentro\/","title":{"rendered":"Descansados por fuera y removidos por dentro"},"content":{"rendered":"\n<p>\u201cDescansados por fuera y removidos por dentro\u201d. As\u00ed expresaban que se hab\u00edan quedado unos amigos al marcharse despu\u00e9s de un fin de semana en Tierra Habitada. Y uno de los voluntarios, un a\u00f1o despu\u00e9s: \u201cMucho ha cambiado en mi vida en el \u00faltimo a\u00f1o, y me doy cuenta de que el tiempo pasado con vosotros realmente me afect\u00f3 y siempre lo recordar\u00e9\u201d. Otra voluntaria nos reconoc\u00eda hace poco que su estancia aqu\u00ed le estaba haciendo plantearse muchas cosas de su vida cuando volviera a su pa\u00eds. Y un grupo de profesores nos dec\u00eda: \u201cotros ofrecen formaci\u00f3n; vosotros ofrec\u00e9is experiencia\u201d.<\/p>\n\n\n\n<p>Son muestras que tambi\u00e9n nos afectan y recordamos con emoci\u00f3n. Nos alegra y emociona que tantas personas encuentren entre nosotros motivos para \u201cremoverse\u201d y replantearse algunos aspectos de sus vidas. Como nos propon\u00edamos hace m\u00e1s de seis a\u00f1os en nuestro \u201c<a href=\"https:\/\/www.tierrahabitada.org\/index.php\/sueno-inspirador\/\" target=\"_blank\" rel=\"noreferrer noopener\">Sue\u00f1o inspirador<\/a>\u201d, sentimos la llamada a crear \u201cun centro de formaci\u00f3n y divulgaci\u00f3n, con las puertas abiertas a cuantos quieran hacer temporalmente la experiencia de vivir de esta manera, con instalaciones apropiadas desde las que se ofrezcan actividades que contribuyan a la difusi\u00f3n de esta conciencia, actitudes, espiritualidad y forma de vida\u201d.<\/p>\n\n\n\n<p>Entre estas \u201cinstalaciones apropiadas\u201d se encuentran las obras de reforma de la nave que la fundaci\u00f3n est\u00e1 rehabilitando para aumentar la capacidad de acogida y la posibilidad de recibir a dos grupos simult\u00e1neamente. \u00a1Gracias una vez m\u00e1s a todos los que est\u00e1is contribuyendo a que estas obras se lleven a buen t\u00e9rmino! M\u00e1s adelante, con las obras concluidas, daremos m\u00e1s informaci\u00f3n, \u00a1incluso con fotos y v\u00eddeos!<\/p>\n\n\n\n<p>De momento compartimos el v\u00eddeo \u201c<a href=\"https:\/\/www.tierrahabitada.org\/wp-content\/uploads\/2024\/05\/Video_Tierra_Habitada_12_minutos.mp4\" target=\"_blank\" rel=\"noreferrer noopener\">Tierra Habitada en doce minutos<\/a>\u201d, que ampl\u00eda el de \u201c<a href=\"https:\/\/www.tierrahabitada.org\/wp-content\/uploads\/2023\/09\/Tierra%20Habitada%20en%202%20min%2036Mb.mp4\" target=\"_blank\" rel=\"noreferrer noopener\">Tierra Habitada en dos minutos<\/a>\u201d con el conjunto de las im\u00e1genes tomadas en aquella ocasi\u00f3n. Para quien disponga de esos doce minutos, es una manera m\u00e1s completa de conocer este proyecto.<\/p>\n\n\n\n<p>Por lo dem\u00e1s, tras un a\u00f1o m\u00e1s celebrando la Pascua en la Casa San Mart\u00edn, abril y mayo han sido meses intensos de actividades con grupos escolares y de adultos. Nuestra \u201ctemporada alta\u201d que nos deja satisfechos y confirmados en nuestra identidad y llamada. Un esfuerzo y una intensidad que merecen la pena. \u00a1Ya vendr\u00e1 el verano reparador!<\/p>\n\n\n\n<p>En verano, la Casa San Mart\u00edn est\u00e1 disponible algunos d\u00edas de julio y agosto para grupos con fines formativos-convivenciales y para estancias de familias. Para consultar fechas, contactad con nosotros.<\/p>\n\n\n\n<div class=\"wp-block-image\"><figure class=\"aligncenter size-full\"><img loading=\"lazy\" decoding=\"async\" width=\"600\" height=\"320\" src=\"https:\/\/www.tierrahabitada.org\/wp-content\/uploads\/2024\/05\/Lirios-amarillos.jpg\" alt=\"\" class=\"wp-image-752\" srcset=\"https:\/\/www.tierrahabitada.org\/wp-content\/uploads\/2024\/05\/Lirios-amarillos.jpg 600w, https:\/\/www.tierrahabitada.org\/wp-content\/uploads\/2024\/05\/Lirios-amarillos-300x160.jpg 300w\" sizes=\"auto, (max-width: 600px) 100vw, 600px\" \/><figcaption>Primavera florida<\/figcaption><\/figure><\/div>\n\n\n\n<div class=\"wp-block-image\"><figure class=\"aligncenter size-full\"><img loading=\"lazy\" decoding=\"async\" width=\"600\" height=\"320\" src=\"https:\/\/www.tierrahabitada.org\/wp-content\/uploads\/2024\/05\/Espantapajaros-y-tulipanes.jpg\" alt=\"\" class=\"wp-image-753\" srcset=\"https:\/\/www.tierrahabitada.org\/wp-content\/uploads\/2024\/05\/Espantapajaros-y-tulipanes.jpg 600w, https:\/\/www.tierrahabitada.org\/wp-content\/uploads\/2024\/05\/Espantapajaros-y-tulipanes-300x160.jpg 300w\" sizes=\"auto, (max-width: 600px) 100vw, 600px\" \/><figcaption>Nuevo habitante de la huerta<\/figcaption><\/figure><\/div>\n\n\n\n<div class=\"wp-block-image\"><figure class=\"aligncenter size-full\"><img loading=\"lazy\" decoding=\"async\" width=\"600\" height=\"320\" src=\"https:\/\/www.tierrahabitada.org\/wp-content\/uploads\/2024\/05\/Puerta-Casa-Comun.jpg\" alt=\"\" class=\"wp-image-754\" srcset=\"https:\/\/www.tierrahabitada.org\/wp-content\/uploads\/2024\/05\/Puerta-Casa-Comun.jpg 600w, https:\/\/www.tierrahabitada.org\/wp-content\/uploads\/2024\/05\/Puerta-Casa-Comun-300x160.jpg 300w\" sizes=\"auto, (max-width: 600px) 100vw, 600px\" \/><figcaption>La nueva puerta de la \u00abCasa Com\u00fan\u00bb<\/figcaption><\/figure><\/div>\n\n\n\n<figure class=\"wp-block-image size-full\"><img loading=\"lazy\" decoding=\"async\" width=\"800\" height=\"600\" src=\"https:\/\/www.tierrahabitada.org\/wp-content\/uploads\/2024\/05\/Verano-en-Casa-San-Martin-800.jpg\" alt=\"\" class=\"wp-image-755\" srcset=\"https:\/\/www.tierrahabitada.org\/wp-content\/uploads\/2024\/05\/Verano-en-Casa-San-Martin-800.jpg 800w, https:\/\/www.tierrahabitada.org\/wp-content\/uploads\/2024\/05\/Verano-en-Casa-San-Martin-800-300x225.jpg 300w, https:\/\/www.tierrahabitada.org\/wp-content\/uploads\/2024\/05\/Verano-en-Casa-San-Martin-800-768x576.jpg 768w\" sizes=\"auto, (max-width: 800px) 100vw, 800px\" \/><\/figure>\n","protected":false},"excerpt":{"rendered":"<p>\u201cDescansados por fuera y removidos por dentro\u201d. As\u00ed expresaban que se hab\u00edan quedado unos amigos al marcharse despu\u00e9s de un fin de semana en Tierra Habitada. Y uno de los&#8230; <a class=\"read-more\" href=\"https:\/\/www.tierrahabitada.org\/index.php\/2024\/05\/28\/descansados-por-fuera-y-removidos-por-dentro\/\">[Continuar Leyendo]<\/a><\/p>\n","protected":false},"author":1,"featured_media":750,"comment_status":"open","ping_status":"open","sticky":false,"template":"","format":"standard","meta":{"footnotes":""},"categories":[10],"tags":[],"class_list":["post-749","post","type-post","status-publish","format-standard","has-post-thumbnail","hentry","category-boletin"],"_links":{"self":[{"href":"https:\/\/www.tierrahabitada.org\/index.php\/wp-json\/wp\/v2\/posts\/749","targetHints":{"allow":["GET"]}}],"collection":[{"href":"https:\/\/www.tierrahabitada.org\/index.php\/wp-json\/wp\/v2\/posts"}],"about":[{"href":"https:\/\/www.tierrahabitada.org\/index.php\/wp-json\/wp\/v2\/types\/post"}],"author":[{"embeddable":true,"href":"https:\/\/www.tierrahabitada.org\/index.php\/wp-json\/wp\/v2\/users\/1"}],"replies":[{"embeddable":true,"href":"https:\/\/www.tierrahabitada.org\/index.php\/wp-json\/wp\/v2\/comments?post=749"}],"version-history":[{"count":3,"href":"https:\/\/www.tierrahabitada.org\/index.php\/wp-json\/wp\/v2\/posts\/749\/revisions"}],"predecessor-version":[{"id":757,"href":"https:\/\/www.tierrahabitada.org\/index.php\/wp-json\/wp\/v2\/posts\/749\/revisions\/757"}],"wp:featuredmedia":[{"embeddable":true,"href":"https:\/\/www.tierrahabitada.org\/index.php\/wp-json\/wp\/v2\/media\/750"}],"wp:attachment":[{"href":"https:\/\/www.tierrahabitada.org\/index.php\/wp-json\/wp\/v2\/media?parent=749"}],"wp:term":[{"taxonomy":"category","embeddable":true,"href":"https:\/\/www.tierrahabitada.org\/index.php\/wp-json\/wp\/v2\/categories?post=749"},{"taxonomy":"post_tag","embeddable":true,"href":"https:\/\/www.tierrahabitada.org\/index.php\/wp-json\/wp\/v2\/tags?post=749"}],"curies":[{"name":"wp","href":"https:\/\/api.w.org\/{rel}","templated":true}]}}