{"id":744,"date":"2024-04-17T17:51:03","date_gmt":"2024-04-17T17:51:03","guid":{"rendered":"https:\/\/www.tierrahabitada.org\/?p=744"},"modified":"2024-04-17T17:51:03","modified_gmt":"2024-04-17T17:51:03","slug":"jornada-ecolaborativa-el-sabado-27-de-abril","status":"publish","type":"post","link":"https:\/\/www.tierrahabitada.org\/index.php\/2024\/04\/17\/jornada-ecolaborativa-el-sabado-27-de-abril\/","title":{"rendered":"Jornada ecolaborativa el s\u00e1bado 27 de abril"},"content":{"rendered":"\n<p>El pr\u00f3ximo s\u00e1bado 27 de abril nos encontraremos en Ca\u00f1icosa para un d\u00eda de trabajo <em>ecolaborativo<\/em> en la huerta y en el nuevo alojamiento. \u00a1Nos encantar\u00e1 recibiros! Venid con ropa y calzado de trabajo y con muchas ganas de colaborar. Por favor, avisad antes para tenerlo en cuenta de cara a la comida que pondremos aqu\u00ed.<\/p>\n","protected":false},"excerpt":{"rendered":"<p>El pr\u00f3ximo s\u00e1bado 27 de abril nos encontraremos en Ca\u00f1icosa para un d\u00eda de trabajo ecolaborativo en la huerta y en el nuevo alojamiento. \u00a1Nos encantar\u00e1 recibiros! Venid con ropa&#8230; <a class=\"read-more\" href=\"https:\/\/www.tierrahabitada.org\/index.php\/2024\/04\/17\/jornada-ecolaborativa-el-sabado-27-de-abril\/\">[Continuar Leyendo]<\/a><\/p>\n","protected":false},"author":1,"featured_media":745,"comment_status":"open","ping_status":"open","sticky":false,"template":"","format":"standard","meta":{"footnotes":""},"categories":[12],"tags":[],"class_list":["post-744","post","type-post","status-publish","format-standard","has-post-thumbnail","hentry","category-actividades"],"_links":{"self":[{"href":"https:\/\/www.tierrahabitada.org\/index.php\/wp-json\/wp\/v2\/posts\/744","targetHints":{"allow":["GET"]}}],"collection":[{"href":"https:\/\/www.tierrahabitada.org\/index.php\/wp-json\/wp\/v2\/posts"}],"about":[{"href":"https:\/\/www.tierrahabitada.org\/index.php\/wp-json\/wp\/v2\/types\/post"}],"author":[{"embeddable":true,"href":"https:\/\/www.tierrahabitada.org\/index.php\/wp-json\/wp\/v2\/users\/1"}],"replies":[{"embeddable":true,"href":"https:\/\/www.tierrahabitada.org\/index.php\/wp-json\/wp\/v2\/comments?post=744"}],"version-history":[{"count":1,"href":"https:\/\/www.tierrahabitada.org\/index.php\/wp-json\/wp\/v2\/posts\/744\/revisions"}],"predecessor-version":[{"id":746,"href":"https:\/\/www.tierrahabitada.org\/index.php\/wp-json\/wp\/v2\/posts\/744\/revisions\/746"}],"wp:featuredmedia":[{"embeddable":true,"href":"https:\/\/www.tierrahabitada.org\/index.php\/wp-json\/wp\/v2\/media\/745"}],"wp:attachment":[{"href":"https:\/\/www.tierrahabitada.org\/index.php\/wp-json\/wp\/v2\/media?parent=744"}],"wp:term":[{"taxonomy":"category","embeddable":true,"href":"https:\/\/www.tierrahabitada.org\/index.php\/wp-json\/wp\/v2\/categories?post=744"},{"taxonomy":"post_tag","embeddable":true,"href":"https:\/\/www.tierrahabitada.org\/index.php\/wp-json\/wp\/v2\/tags?post=744"}],"curies":[{"name":"wp","href":"https:\/\/api.w.org\/{rel}","templated":true}]}}