{"id":738,"date":"2024-04-07T17:38:15","date_gmt":"2024-04-07T17:38:15","guid":{"rendered":"https:\/\/www.tierrahabitada.org\/?p=738"},"modified":"2024-04-07T17:38:15","modified_gmt":"2024-04-07T17:38:15","slug":"conferencia-de-anton-kimpfler-2","status":"publish","type":"post","link":"https:\/\/www.tierrahabitada.org\/index.php\/2024\/04\/07\/conferencia-de-anton-kimpfler-2\/","title":{"rendered":"Conferencia de Anton Kimpfler"},"content":{"rendered":"\n<p>Anton Kimpfler, especialista en antroposof\u00eda, escritor y formador, vuelve un a\u00f1o m\u00e1s a Ca\u00f1icosa a transmitirnos su sabidur\u00eda y visi\u00f3n del mundo. Esta vez bajo el tema \u00abSolo tenemos una Tierra. Somos responsables del futuro\u00bb.<br>Pr\u00f3ximo mi\u00e9rcoles 10 de abril a las 19.00 h. en la sala de la Casa San Mart\u00edn.<br>Conferencia en alem\u00e1n con traducci\u00f3n simult\u00e1nea.<\/p>\n\n\n\n<figure class=\"wp-block-image size-full\"><img loading=\"lazy\" decoding=\"async\" width=\"600\" height=\"807\" src=\"https:\/\/www.tierrahabitada.org\/wp-content\/uploads\/2024\/04\/Conferencia_Anton_Kimpfler.jpg\" alt=\"\" class=\"wp-image-739\" srcset=\"https:\/\/www.tierrahabitada.org\/wp-content\/uploads\/2024\/04\/Conferencia_Anton_Kimpfler.jpg 600w, https:\/\/www.tierrahabitada.org\/wp-content\/uploads\/2024\/04\/Conferencia_Anton_Kimpfler-223x300.jpg 223w\" sizes=\"auto, (max-width: 600px) 100vw, 600px\" \/><\/figure>\n","protected":false},"excerpt":{"rendered":"<p>Anton Kimpfler, especialista en antroposof\u00eda, escritor y formador, vuelve un a\u00f1o m\u00e1s a Ca\u00f1icosa a transmitirnos su sabidur\u00eda y visi\u00f3n del mundo. Esta vez bajo el tema \u00abSolo tenemos una&#8230; <a class=\"read-more\" href=\"https:\/\/www.tierrahabitada.org\/index.php\/2024\/04\/07\/conferencia-de-anton-kimpfler-2\/\">[Continuar Leyendo]<\/a><\/p>\n","protected":false},"author":1,"featured_media":741,"comment_status":"open","ping_status":"open","sticky":false,"template":"","format":"standard","meta":{"footnotes":""},"categories":[12],"tags":[],"class_list":["post-738","post","type-post","status-publish","format-standard","has-post-thumbnail","hentry","category-actividades"],"_links":{"self":[{"href":"https:\/\/www.tierrahabitada.org\/index.php\/wp-json\/wp\/v2\/posts\/738","targetHints":{"allow":["GET"]}}],"collection":[{"href":"https:\/\/www.tierrahabitada.org\/index.php\/wp-json\/wp\/v2\/posts"}],"about":[{"href":"https:\/\/www.tierrahabitada.org\/index.php\/wp-json\/wp\/v2\/types\/post"}],"author":[{"embeddable":true,"href":"https:\/\/www.tierrahabitada.org\/index.php\/wp-json\/wp\/v2\/users\/1"}],"replies":[{"embeddable":true,"href":"https:\/\/www.tierrahabitada.org\/index.php\/wp-json\/wp\/v2\/comments?post=738"}],"version-history":[{"count":2,"href":"https:\/\/www.tierrahabitada.org\/index.php\/wp-json\/wp\/v2\/posts\/738\/revisions"}],"predecessor-version":[{"id":742,"href":"https:\/\/www.tierrahabitada.org\/index.php\/wp-json\/wp\/v2\/posts\/738\/revisions\/742"}],"wp:featuredmedia":[{"embeddable":true,"href":"https:\/\/www.tierrahabitada.org\/index.php\/wp-json\/wp\/v2\/media\/741"}],"wp:attachment":[{"href":"https:\/\/www.tierrahabitada.org\/index.php\/wp-json\/wp\/v2\/media?parent=738"}],"wp:term":[{"taxonomy":"category","embeddable":true,"href":"https:\/\/www.tierrahabitada.org\/index.php\/wp-json\/wp\/v2\/categories?post=738"},{"taxonomy":"post_tag","embeddable":true,"href":"https:\/\/www.tierrahabitada.org\/index.php\/wp-json\/wp\/v2\/tags?post=738"}],"curies":[{"name":"wp","href":"https:\/\/api.w.org\/{rel}","templated":true}]}}