{"id":734,"date":"2024-02-03T19:10:14","date_gmt":"2024-02-03T19:10:14","guid":{"rendered":"https:\/\/www.tierrahabitada.org\/?p=734"},"modified":"2024-02-03T19:10:14","modified_gmt":"2024-02-03T19:10:14","slug":"con-tu-ayuda","status":"publish","type":"post","link":"https:\/\/www.tierrahabitada.org\/index.php\/2024\/02\/03\/con-tu-ayuda\/","title":{"rendered":"Con tu ayuda"},"content":{"rendered":"\n<p>Como venimos contando en nuestros boletines y como ven\u00eds viendo los que pas\u00e1is por aqu\u00ed, nuestro proyecto sigue creciendo y consolid\u00e1ndose. Se est\u00e1 formando una bonita comunidad de personas cercanas que participan en actividades y muestran su cercan\u00eda y apoyo. Algunas personas nos llaman para venir a conocernos. Casi todos los fines de semana hay alguna actividad o grupo en la casa San Mart\u00edn.<\/p>\n\n\n\n<p>En primavera y entre semana vendr\u00e1n grupos escolares de colegios de pedagog\u00eda Waldorf, adem\u00e1s de otros grupos de adultos. Todos expresan su satisfacci\u00f3n con lo que encuentran aqu\u00ed y la transmiten. Para nosotros es una gran alegr\u00eda ver c\u00f3mo va creciendo esta semilla, cuatro a\u00f1os despu\u00e9s de llegar a Ca\u00f1icosa. <strong>Con tu ayuda nos sentimos con fuerzas para seguir adelante<\/strong>.<\/p>\n\n\n\n<p>En l\u00ednea con este crecimiento y consolidaci\u00f3n, el patronato de la fundaci\u00f3n Tierra Habitada ha decidido abordar las obras de reforma de una nave cercana a la Casa San Mart\u00edn para transformarla en alojamiento para grupos adaptado a personas con movilidad reducida. De esta manera <strong>podremos ampliar la capacidad de acogida a la vez que recibir a dos grupos simult\u00e1neamente<\/strong>.<\/p>\n\n\n\n<p>En consonancia con nuestra identidad, el nuevo alojamiento cumplir\u00e1 unos altos requisitos de <strong>sostenibilidad ambiental<\/strong>, por el dise\u00f1o y los criterios de construcci\u00f3n, la procedencia de los materiales, las instalaciones y el aislamiento t\u00e9rmico.<\/p>\n\n\n\n<p>Con tu ayuda nos hemos animado a este emprendimiento. <strong>Estamos muy agradecidos a todos los que ya est\u00e1is colaborando<\/strong>, tanto con vuestra participaci\u00f3n en actividades como con vuestra generosa aportaci\u00f3n, que contribuye a la sostenibilidad de Tierra Habitada.<\/p>\n\n\n\n<p>Agradecemos much\u00edsimo a los que ya est\u00e1is colaborando econ\u00f3micamente. Y a los que todav\u00eda no, os pedimos que os pens\u00e9is hacer una <strong>aportaci\u00f3n puntual o peri\u00f3dica<\/strong> para ayudarnos a avanzar con esta reforma y a lograr que todo lo proyectado sea una realidad.<\/p>\n\n\n\n<p>Y a todos: si pod\u00e9is, \u00a1hablad de Tierra Habitada a personas de vuestro entorno e invitadlas a conocernos y a colaborar!<\/p>\n\n\n\n<p>Recordamos que las donaciones a fundaciones <strong>desgravan<\/strong> en el Impuesto sobre la Renta de las Personas F\u00edsicas (IRPF). En este momento, los primeros 150,00 \u20ac desgravan el <strong>80%<\/strong> y a partir de ah\u00ed, un <strong>35-40%.<\/strong> Por ejemplo, una cuota mensual de 10,00 \u20ac (120,00 \u20ac al a\u00f1o) supone una reducci\u00f3n en el IRPF de 96,00 \u20ac. Un donativo puntual de 150,00 \u20ac desgrava 120,00 \u20ac.<\/p>\n\n\n\n<p>Los datos bancarios y las instrucciones para las colaboraciones peri\u00f3dicas est\u00e1n en la <strong>pesta\u00f1a \u201c<a href=\"https:\/\/www.tierrahabitada.org\/index.php\/colabora\/\" target=\"_blank\" rel=\"noreferrer noopener\">Colabora<\/a>\u201d de nuestra web www.tierrahabitada.org. <\/strong>De cara a concretar nuestras necesidades de financiaci\u00f3n, agradeceremos mucho que las aportaciones se realicen antes de finales de marzo.<\/p>\n\n\n\n<p>Toda ayuda ser\u00e1 muy bienvenida, agradecida y bien empleada. A los que ya colabor\u00e1is de alguna manera, nuestro reiterado agradecimiento. Tambi\u00e9n a los que pod\u00e1is hacerlo pr\u00f3ximamente. Y a los que no, seguimos contando con vosotros. Gracias en cualquier caso por vuestra cercan\u00eda y amistad.<\/p>\n\n\n\n<p><em>Pili, Jos\u00e9 y Jos\u00e9 Luis,<br>Patronos de la fundaci\u00f3n Tierra Habitada<\/em><\/p>\n","protected":false},"excerpt":{"rendered":"<p>Como venimos contando en nuestros boletines y como ven\u00eds viendo los que pas\u00e1is por aqu\u00ed, nuestro proyecto sigue creciendo y consolid\u00e1ndose. Se est\u00e1 formando una bonita comunidad de personas cercanas&#8230; <a class=\"read-more\" href=\"https:\/\/www.tierrahabitada.org\/index.php\/2024\/02\/03\/con-tu-ayuda\/\">[Continuar Leyendo]<\/a><\/p>\n","protected":false},"author":1,"featured_media":735,"comment_status":"open","ping_status":"open","sticky":false,"template":"","format":"standard","meta":{"footnotes":""},"categories":[1],"tags":[],"class_list":["post-734","post","type-post","status-publish","format-standard","has-post-thumbnail","hentry","category-sin-categoria"],"_links":{"self":[{"href":"https:\/\/www.tierrahabitada.org\/index.php\/wp-json\/wp\/v2\/posts\/734","targetHints":{"allow":["GET"]}}],"collection":[{"href":"https:\/\/www.tierrahabitada.org\/index.php\/wp-json\/wp\/v2\/posts"}],"about":[{"href":"https:\/\/www.tierrahabitada.org\/index.php\/wp-json\/wp\/v2\/types\/post"}],"author":[{"embeddable":true,"href":"https:\/\/www.tierrahabitada.org\/index.php\/wp-json\/wp\/v2\/users\/1"}],"replies":[{"embeddable":true,"href":"https:\/\/www.tierrahabitada.org\/index.php\/wp-json\/wp\/v2\/comments?post=734"}],"version-history":[{"count":1,"href":"https:\/\/www.tierrahabitada.org\/index.php\/wp-json\/wp\/v2\/posts\/734\/revisions"}],"predecessor-version":[{"id":736,"href":"https:\/\/www.tierrahabitada.org\/index.php\/wp-json\/wp\/v2\/posts\/734\/revisions\/736"}],"wp:featuredmedia":[{"embeddable":true,"href":"https:\/\/www.tierrahabitada.org\/index.php\/wp-json\/wp\/v2\/media\/735"}],"wp:attachment":[{"href":"https:\/\/www.tierrahabitada.org\/index.php\/wp-json\/wp\/v2\/media?parent=734"}],"wp:term":[{"taxonomy":"category","embeddable":true,"href":"https:\/\/www.tierrahabitada.org\/index.php\/wp-json\/wp\/v2\/categories?post=734"},{"taxonomy":"post_tag","embeddable":true,"href":"https:\/\/www.tierrahabitada.org\/index.php\/wp-json\/wp\/v2\/tags?post=734"}],"curies":[{"name":"wp","href":"https:\/\/api.w.org\/{rel}","templated":true}]}}