{"id":724,"date":"2023-12-23T19:25:15","date_gmt":"2023-12-23T19:25:15","guid":{"rendered":"https:\/\/www.tierrahabitada.org\/?p=724"},"modified":"2023-12-23T19:25:15","modified_gmt":"2023-12-23T19:25:15","slug":"recapitulando","status":"publish","type":"post","link":"https:\/\/www.tierrahabitada.org\/index.php\/2023\/12\/23\/recapitulando\/","title":{"rendered":"Recapitulando"},"content":{"rendered":"\n<p>Estamos en los momentos de m\u00e1xima oscuridad del a\u00f1o, a punto de concluir 2023. La naturaleza nos invita al recogimiento, en un movimiento de introspecci\u00f3n hasta llegar al hond\u00f3n interior, para, desde all\u00ed, salir de nuevo hacia la luz. Es lo que representamos simb\u00f3licamente el 21 de diciembre en la celebraci\u00f3n del solsticio de invierno, que junto con la del verano, se va consolidando como una cita ineludible. \u00a1Gracias a todos los que la hac\u00e9is posible!<\/p>\n\n\n\n<p>Echando la vista atr\u00e1s son muchos y buenos los recuerdos que tenemos de este a\u00f1o. Adem\u00e1s de los colegios de pedagog\u00eda Waldorf que vinieron en primavera, otros dos llegaron en septiembre y octubre para hacer actividades de oto\u00f1o. Entre ellas, la preparaci\u00f3n de la tierra y siembra de cereales que los ni\u00f1os esperan ver crecidos cuando vuelvan la pr\u00f3xima primavera.<\/p>\n\n\n\n<p>En fines de semana otros grupos variados vienen a la Casa San Mart\u00edn a actividades de formaci\u00f3n, crecimiento personal, espiritualidad y expresi\u00f3n art\u00edstica. Nos alegra dar as\u00ed continuidad a esta casa, que tanta vida ha acogido y sigue acogiendo.<\/p>\n\n\n\n<p>El 11 de noviembre celebramos la fiesta de san Mart\u00edn con nutrida asistencia: m\u00e1s de sesenta personas entre adultos y ni\u00f1os. Como el a\u00f1o anterior, los ni\u00f1os y algunos adultos hicieron farolillos artesanales, que iluminaron las calles de Ca\u00f1icosa en la procesi\u00f3n hasta la ermita de San Mart\u00edn. Entre medias, una entretenida sesi\u00f3n teatral en la sala y una merienda compartida para terminar una magn\u00edfica tarde de encuentro con muchos de los amigos de Tierra Habitada.<\/p>\n\n\n\n<p>Recordamos que, adem\u00e1s de esta lista de distribuci\u00f3n del bolet\u00edn trimestral, hemos puesto en marcha otra lista \u00fanicamente para comunicar actividades. Quien quiera que su direcci\u00f3n electr\u00f3nica sea incluida en esta nueva lista de correo, puede escribirnos a contacto@tierrahabitada.org<\/p>\n\n\n\n<p>Seguimos recibiendo voluntarios internacionales a trav\u00e9s de la plataforma <em>workaway.info<\/em>, con cuya convivencia nos enriquecemos y cuyo trabajo agradecemos. Y seguimos recibiendo visitas de amigos que pasan unos d\u00edas por aqu\u00ed, a veces simplemente a estar unos d\u00edas tranquilos cerca de la naturaleza.<\/p>\n\n\n\n<p>Nada m\u00e1s por este a\u00f1o. Que acojamos la luz de la Navidad y podamos ser reflejo de ella. Os deseamos \u00a1muy profundos y luminosos d\u00edas de Navidad!<\/p>\n\n\n\n<div class=\"wp-block-image\"><figure class=\"aligncenter size-full\"><img loading=\"lazy\" decoding=\"async\" width=\"600\" height=\"320\" src=\"https:\/\/www.tierrahabitada.org\/wp-content\/uploads\/2023\/12\/Espiral_de_invierno.jpg\" alt=\"\" class=\"wp-image-726\" srcset=\"https:\/\/www.tierrahabitada.org\/wp-content\/uploads\/2023\/12\/Espiral_de_invierno.jpg 600w, https:\/\/www.tierrahabitada.org\/wp-content\/uploads\/2023\/12\/Espiral_de_invierno-300x160.jpg 300w\" sizes=\"auto, (max-width: 600px) 100vw, 600px\" \/><figcaption><em>Espiral de invierno<\/em><\/figcaption><\/figure><\/div>\n\n\n\n<div class=\"wp-block-image\"><figure class=\"aligncenter size-full\"><img loading=\"lazy\" decoding=\"async\" width=\"600\" height=\"320\" src=\"https:\/\/www.tierrahabitada.org\/wp-content\/uploads\/2023\/12\/Cereales_germinando.jpg\" alt=\"\" class=\"wp-image-727\" srcset=\"https:\/\/www.tierrahabitada.org\/wp-content\/uploads\/2023\/12\/Cereales_germinando.jpg 600w, https:\/\/www.tierrahabitada.org\/wp-content\/uploads\/2023\/12\/Cereales_germinando-300x160.jpg 300w\" sizes=\"auto, (max-width: 600px) 100vw, 600px\" \/><figcaption><em>Cereales germinando<\/em><\/figcaption><\/figure><\/div>\n\n\n\n<div class=\"wp-block-image\"><figure class=\"aligncenter size-full\"><img loading=\"lazy\" decoding=\"async\" width=\"600\" height=\"320\" src=\"https:\/\/www.tierrahabitada.org\/wp-content\/uploads\/2023\/12\/Farolillos.jpg\" alt=\"\" class=\"wp-image-728\" srcset=\"https:\/\/www.tierrahabitada.org\/wp-content\/uploads\/2023\/12\/Farolillos.jpg 600w, https:\/\/www.tierrahabitada.org\/wp-content\/uploads\/2023\/12\/Farolillos-300x160.jpg 300w\" sizes=\"auto, (max-width: 600px) 100vw, 600px\" \/><figcaption><em>Elaboraci\u00f3n de farolillos en San Mart\u00edn<\/em><\/figcaption><\/figure><\/div>\n\n\n\n<div class=\"wp-block-image\"><figure class=\"aligncenter size-full\"><img loading=\"lazy\" decoding=\"async\" width=\"600\" height=\"320\" src=\"https:\/\/www.tierrahabitada.org\/wp-content\/uploads\/2023\/12\/Navidad_2023.jpg\" alt=\"\" class=\"wp-image-729\" srcset=\"https:\/\/www.tierrahabitada.org\/wp-content\/uploads\/2023\/12\/Navidad_2023.jpg 600w, https:\/\/www.tierrahabitada.org\/wp-content\/uploads\/2023\/12\/Navidad_2023-300x160.jpg 300w\" sizes=\"auto, (max-width: 600px) 100vw, 600px\" \/><figcaption><em>\u00a1Feliz y luminosa Navidad!<\/em><\/figcaption><\/figure><\/div>\n\n\n\n<p><\/p>\n","protected":false},"excerpt":{"rendered":"<p>Estamos en los momentos de m\u00e1xima oscuridad del a\u00f1o, a punto de concluir 2023. La naturaleza nos invita al recogimiento, en un movimiento de introspecci\u00f3n hasta llegar al hond\u00f3n interior,&#8230; <a class=\"read-more\" href=\"https:\/\/www.tierrahabitada.org\/index.php\/2023\/12\/23\/recapitulando\/\">[Continuar Leyendo]<\/a><\/p>\n","protected":false},"author":1,"featured_media":725,"comment_status":"open","ping_status":"open","sticky":false,"template":"","format":"standard","meta":{"footnotes":""},"categories":[10],"tags":[],"class_list":["post-724","post","type-post","status-publish","format-standard","has-post-thumbnail","hentry","category-boletin"],"_links":{"self":[{"href":"https:\/\/www.tierrahabitada.org\/index.php\/wp-json\/wp\/v2\/posts\/724","targetHints":{"allow":["GET"]}}],"collection":[{"href":"https:\/\/www.tierrahabitada.org\/index.php\/wp-json\/wp\/v2\/posts"}],"about":[{"href":"https:\/\/www.tierrahabitada.org\/index.php\/wp-json\/wp\/v2\/types\/post"}],"author":[{"embeddable":true,"href":"https:\/\/www.tierrahabitada.org\/index.php\/wp-json\/wp\/v2\/users\/1"}],"replies":[{"embeddable":true,"href":"https:\/\/www.tierrahabitada.org\/index.php\/wp-json\/wp\/v2\/comments?post=724"}],"version-history":[{"count":1,"href":"https:\/\/www.tierrahabitada.org\/index.php\/wp-json\/wp\/v2\/posts\/724\/revisions"}],"predecessor-version":[{"id":730,"href":"https:\/\/www.tierrahabitada.org\/index.php\/wp-json\/wp\/v2\/posts\/724\/revisions\/730"}],"wp:featuredmedia":[{"embeddable":true,"href":"https:\/\/www.tierrahabitada.org\/index.php\/wp-json\/wp\/v2\/media\/725"}],"wp:attachment":[{"href":"https:\/\/www.tierrahabitada.org\/index.php\/wp-json\/wp\/v2\/media?parent=724"}],"wp:term":[{"taxonomy":"category","embeddable":true,"href":"https:\/\/www.tierrahabitada.org\/index.php\/wp-json\/wp\/v2\/categories?post=724"},{"taxonomy":"post_tag","embeddable":true,"href":"https:\/\/www.tierrahabitada.org\/index.php\/wp-json\/wp\/v2\/tags?post=724"}],"curies":[{"name":"wp","href":"https:\/\/api.w.org\/{rel}","templated":true}]}}