{"id":699,"date":"2023-09-07T16:57:40","date_gmt":"2023-09-07T16:57:40","guid":{"rendered":"https:\/\/www.tierrahabitada.org\/?p=699"},"modified":"2023-09-07T16:57:40","modified_gmt":"2023-09-07T16:57:40","slug":"encuentro-de-biotropia","status":"publish","type":"post","link":"https:\/\/www.tierrahabitada.org\/index.php\/2023\/09\/07\/encuentro-de-biotropia\/","title":{"rendered":"Encuentro de Biotrop\u00eda"},"content":{"rendered":"\n<p>El pr\u00f3ximo fin de semana de 16-17 de septiembre de 2023 celebraremos un encuentro m\u00e1s del grupo de Biotrop\u00eda, esta vez en torno al tema: \u00abAnte el calentamiento global sin dejar de ser felices\u00bb. \u00bfC\u00f3mo vivimos cada cual los pron\u00f3sticos sombr\u00edos del Cambio Clim\u00e1tico? El encuentro es abierto a quien quiera participar en todo o en parte.<\/p>\n\n\n\n<div class=\"wp-block-image\"><figure class=\"aligncenter size-full\"><img loading=\"lazy\" decoding=\"async\" width=\"530\" height=\"752\" src=\"https:\/\/www.tierrahabitada.org\/wp-content\/uploads\/2023\/09\/Encuentro-Biotropia-A.jpg\" alt=\"\" class=\"wp-image-701\" srcset=\"https:\/\/www.tierrahabitada.org\/wp-content\/uploads\/2023\/09\/Encuentro-Biotropia-A.jpg 530w, https:\/\/www.tierrahabitada.org\/wp-content\/uploads\/2023\/09\/Encuentro-Biotropia-A-211x300.jpg 211w\" sizes=\"auto, (max-width: 530px) 100vw, 530px\" \/><\/figure><\/div>\n\n\n\n<div class=\"wp-block-image\"><figure class=\"aligncenter size-full\"><img loading=\"lazy\" decoding=\"async\" width=\"531\" height=\"748\" src=\"https:\/\/www.tierrahabitada.org\/wp-content\/uploads\/2023\/09\/Encuentro-Biotropia-B.jpg\" alt=\"\" class=\"wp-image-702\" srcset=\"https:\/\/www.tierrahabitada.org\/wp-content\/uploads\/2023\/09\/Encuentro-Biotropia-B.jpg 531w, https:\/\/www.tierrahabitada.org\/wp-content\/uploads\/2023\/09\/Encuentro-Biotropia-B-213x300.jpg 213w\" sizes=\"auto, (max-width: 531px) 100vw, 531px\" \/><\/figure><\/div>\n","protected":false},"excerpt":{"rendered":"<p>El pr\u00f3ximo fin de semana de 16-17 de septiembre de 2023 celebraremos un encuentro m\u00e1s del grupo de Biotrop\u00eda, esta vez en torno al tema: \u00abAnte el calentamiento global sin&#8230; <a class=\"read-more\" href=\"https:\/\/www.tierrahabitada.org\/index.php\/2023\/09\/07\/encuentro-de-biotropia\/\">[Continuar Leyendo]<\/a><\/p>\n","protected":false},"author":1,"featured_media":700,"comment_status":"open","ping_status":"open","sticky":false,"template":"","format":"standard","meta":{"footnotes":""},"categories":[12],"tags":[],"class_list":["post-699","post","type-post","status-publish","format-standard","has-post-thumbnail","hentry","category-actividades"],"_links":{"self":[{"href":"https:\/\/www.tierrahabitada.org\/index.php\/wp-json\/wp\/v2\/posts\/699","targetHints":{"allow":["GET"]}}],"collection":[{"href":"https:\/\/www.tierrahabitada.org\/index.php\/wp-json\/wp\/v2\/posts"}],"about":[{"href":"https:\/\/www.tierrahabitada.org\/index.php\/wp-json\/wp\/v2\/types\/post"}],"author":[{"embeddable":true,"href":"https:\/\/www.tierrahabitada.org\/index.php\/wp-json\/wp\/v2\/users\/1"}],"replies":[{"embeddable":true,"href":"https:\/\/www.tierrahabitada.org\/index.php\/wp-json\/wp\/v2\/comments?post=699"}],"version-history":[{"count":1,"href":"https:\/\/www.tierrahabitada.org\/index.php\/wp-json\/wp\/v2\/posts\/699\/revisions"}],"predecessor-version":[{"id":703,"href":"https:\/\/www.tierrahabitada.org\/index.php\/wp-json\/wp\/v2\/posts\/699\/revisions\/703"}],"wp:featuredmedia":[{"embeddable":true,"href":"https:\/\/www.tierrahabitada.org\/index.php\/wp-json\/wp\/v2\/media\/700"}],"wp:attachment":[{"href":"https:\/\/www.tierrahabitada.org\/index.php\/wp-json\/wp\/v2\/media?parent=699"}],"wp:term":[{"taxonomy":"category","embeddable":true,"href":"https:\/\/www.tierrahabitada.org\/index.php\/wp-json\/wp\/v2\/categories?post=699"},{"taxonomy":"post_tag","embeddable":true,"href":"https:\/\/www.tierrahabitada.org\/index.php\/wp-json\/wp\/v2\/tags?post=699"}],"curies":[{"name":"wp","href":"https:\/\/api.w.org\/{rel}","templated":true}]}}