{"id":696,"date":"2023-09-07T16:43:25","date_gmt":"2023-09-07T16:43:25","guid":{"rendered":"https:\/\/www.tierrahabitada.org\/?p=696"},"modified":"2023-09-07T16:43:25","modified_gmt":"2023-09-07T16:43:25","slug":"tria-en-concierto","status":"publish","type":"post","link":"https:\/\/www.tierrahabitada.org\/index.php\/2023\/09\/07\/tria-en-concierto\/","title":{"rendered":"TRIA en concierto"},"content":{"rendered":"\n<p><strong>M\u00fasica de autor, de ra\u00edz, contempor\u00e1nea y anal\u00f3gica.<\/strong><\/p>\n\n\n\n<p>TRIA son \u00c1ngela Furquet, Pedro Bartolom\u00e9 y Esther S\u00e1nchez. Tres m\u00fasicos, con universos musicales muy diferentes (jazz, cl\u00e1sica, m\u00fasica antigua, folk, rock, folk progresivo, folclore latinoamericano), unidos por m\u00fasicas tradicionales ib\u00e9ricas.<\/p>\n\n\n\n<p>El s\u00e1bado 16 a las 20,00 estar\u00e1n en Casa San Mart\u00edn, Ca\u00f1icosa.<\/p>\n\n\n\n<p>Entrada libre, con aportaci\u00f3n voluntaria.<\/p>\n\n\n\n<p>\u00a1Os esperamos!<\/p>\n","protected":false},"excerpt":{"rendered":"<p>M\u00fasica de autor, de ra\u00edz, contempor\u00e1nea y anal\u00f3gica. TRIA son \u00c1ngela Furquet, Pedro Bartolom\u00e9 y Esther S\u00e1nchez. Tres m\u00fasicos, con universos musicales muy diferentes (jazz, cl\u00e1sica, m\u00fasica antigua, folk, rock,&#8230; <a class=\"read-more\" href=\"https:\/\/www.tierrahabitada.org\/index.php\/2023\/09\/07\/tria-en-concierto\/\">[Continuar Leyendo]<\/a><\/p>\n","protected":false},"author":1,"featured_media":697,"comment_status":"open","ping_status":"open","sticky":false,"template":"","format":"standard","meta":{"footnotes":""},"categories":[1],"tags":[],"class_list":["post-696","post","type-post","status-publish","format-standard","has-post-thumbnail","hentry","category-sin-categoria"],"_links":{"self":[{"href":"https:\/\/www.tierrahabitada.org\/index.php\/wp-json\/wp\/v2\/posts\/696","targetHints":{"allow":["GET"]}}],"collection":[{"href":"https:\/\/www.tierrahabitada.org\/index.php\/wp-json\/wp\/v2\/posts"}],"about":[{"href":"https:\/\/www.tierrahabitada.org\/index.php\/wp-json\/wp\/v2\/types\/post"}],"author":[{"embeddable":true,"href":"https:\/\/www.tierrahabitada.org\/index.php\/wp-json\/wp\/v2\/users\/1"}],"replies":[{"embeddable":true,"href":"https:\/\/www.tierrahabitada.org\/index.php\/wp-json\/wp\/v2\/comments?post=696"}],"version-history":[{"count":1,"href":"https:\/\/www.tierrahabitada.org\/index.php\/wp-json\/wp\/v2\/posts\/696\/revisions"}],"predecessor-version":[{"id":698,"href":"https:\/\/www.tierrahabitada.org\/index.php\/wp-json\/wp\/v2\/posts\/696\/revisions\/698"}],"wp:featuredmedia":[{"embeddable":true,"href":"https:\/\/www.tierrahabitada.org\/index.php\/wp-json\/wp\/v2\/media\/697"}],"wp:attachment":[{"href":"https:\/\/www.tierrahabitada.org\/index.php\/wp-json\/wp\/v2\/media?parent=696"}],"wp:term":[{"taxonomy":"category","embeddable":true,"href":"https:\/\/www.tierrahabitada.org\/index.php\/wp-json\/wp\/v2\/categories?post=696"},{"taxonomy":"post_tag","embeddable":true,"href":"https:\/\/www.tierrahabitada.org\/index.php\/wp-json\/wp\/v2\/tags?post=696"}],"curies":[{"name":"wp","href":"https:\/\/api.w.org\/{rel}","templated":true}]}}