{"id":687,"date":"2023-09-07T16:30:19","date_gmt":"2023-09-07T16:30:19","guid":{"rendered":"https:\/\/www.tierrahabitada.org\/?p=687"},"modified":"2023-09-07T16:31:37","modified_gmt":"2023-09-07T16:31:37","slug":"tiempo-veraniego-tiempo-otonal","status":"publish","type":"post","link":"https:\/\/www.tierrahabitada.org\/index.php\/2023\/09\/07\/tiempo-veraniego-tiempo-otonal\/","title":{"rendered":"Tiempo veraniego, tiempo oto\u00f1al"},"content":{"rendered":"\n<p>Pas\u00f3 el tiempo veraniego con sus calores, que en Ca\u00f1icosa duran poco. Llegaron las lluvias torrenciales de septiembre que en tantos lugares han sido arrasadoras. Tiempo de calor, tiempo de menos calor. Tiempo de descansar, tiempo de retomar los trabajos. Tiempo de expandirse, tiempo de recogerse. Con este transfondo celebr\u00e1bamos el final del verano unos cuantos vecinos en la Casa San Mart\u00edn, dando gracias por lo mucho y bueno vivido durante este tiempo.<\/p>\n\n\n\n<p>\u00bfVecinos? Cada vez m\u00e1s hablamos entre nosotros de <strong>comunidad<\/strong>. S\u00ed, nos vamos reconociendo como comunidad las personas que hemos venido a vivir a este lugar, cada familia en su casa y juntos compartiendo valores, esp\u00edritu y estilo de vida. Es significativo que recientemente algunas personas que han venido por un tiempo a Ca\u00f1icosa han decidido quedarse a vivir aqu\u00ed, entre otros motivos, precisamente por las relaciones humanas que han encontrado.<\/p>\n\n\n\n<p>Por lo dem\u00e1s, las actividades veraniegas se desarrollaron con satisfacci\u00f3n. La celebraci\u00f3n del solsticio de verano, las \u201cJornadas Habitando la tierra\u201d y el campo de trabajo con un grupo scout de Madrid nos han dejado buenos recuerdos, adem\u00e1s de contribuciones en las muchas tareas propias de la estaci\u00f3n.<\/p>\n\n\n\n<p>Un a\u00f1o m\u00e1s, el calendario de reservas de la Casa San Mart\u00edn hasta el pr\u00f3ximo verano se encuentra muy colmado de actividades. Algunas de ellas son propias, como el pr\u00f3ximo encuentro de Biotrop\u00eda (16-17 de septiembre) o la fiesta de San Mart\u00edn (11 Nov). Otras son puntuales, como el pr\u00f3ximo concierto del grupo Tria (s\u00e1bado 16 Sep, 20 h.). En otros casos, cediendo la casa a grupos que la utilizan para actividades en consonancia con nuestros fines como el grupo de \u201cSumando Red de Conciencia\u201d (22-24 Sep, 20-22 Oct, 24-26 Nov), Euritmia (14 Oct), retiro \u201cAyurveda para la mujer\u201d (17-19 Nov) y curso b\u00e1sico de Facilitaci\u00f3n de grupos (7-10 Dic). Todas estas actividades son abiertas y para m\u00e1s informaci\u00f3n pod\u00e9is contactar con nosotros.<\/p>\n\n\n\n<p>Algunas personas nos han pedido estar al tanto de las actividades en la Casa San Mart\u00edn. Para ello, adem\u00e1s de este bolet\u00edn de periodicidal aproximadamente trimestral hemos creado <strong>una lista de correo electr\u00f3nico exclusivamente para comunicar actividades<\/strong>. Quien quiera que su direcci\u00f3n electr\u00f3nica sea incluida en esta nueva lista de correo, puede escribirnos a contacto@tierrahabitada.org<\/p>\n\n\n\n<p>Una novedad de la p\u00e1gina web es la publicaci\u00f3n de las <a href=\"https:\/\/www.tierrahabitada.org\/index.php\/la-fundacion\/\" target=\"_blank\" rel=\"noreferrer noopener\">cuentas anuales de la Fundaci\u00f3n Tierra Habitada<\/a>, en el formato en que se presentan al Protectorado de fundaciones y una vez depositadas en el Registro. Esperamos as\u00ed ser a\u00fan m\u00e1s transparentes en lo que hacemos y en los bienes que administramos. <\/p>\n\n\n\n<div class=\"wp-block-image\"><figure class=\"aligncenter size-full\"><img loading=\"lazy\" decoding=\"async\" width=\"600\" height=\"320\" src=\"https:\/\/www.tierrahabitada.org\/wp-content\/uploads\/2023\/09\/Rollos-de-paja.jpg\" alt=\"\" class=\"wp-image-689\" srcset=\"https:\/\/www.tierrahabitada.org\/wp-content\/uploads\/2023\/09\/Rollos-de-paja.jpg 600w, https:\/\/www.tierrahabitada.org\/wp-content\/uploads\/2023\/09\/Rollos-de-paja-300x160.jpg 300w\" sizes=\"auto, (max-width: 600px) 100vw, 600px\" \/><figcaption><em>Tiempo de verano<\/em><\/figcaption><\/figure><\/div>\n\n\n\n<div class=\"wp-block-image\"><figure class=\"aligncenter size-full\"><img loading=\"lazy\" decoding=\"async\" width=\"600\" height=\"320\" src=\"https:\/\/www.tierrahabitada.org\/wp-content\/uploads\/2023\/09\/Solsticio-de-verano-2023.jpg\" alt=\"\" class=\"wp-image-690\" srcset=\"https:\/\/www.tierrahabitada.org\/wp-content\/uploads\/2023\/09\/Solsticio-de-verano-2023.jpg 600w, https:\/\/www.tierrahabitada.org\/wp-content\/uploads\/2023\/09\/Solsticio-de-verano-2023-300x160.jpg 300w\" sizes=\"auto, (max-width: 600px) 100vw, 600px\" \/><figcaption><em>Espiral de luz en la celebraci\u00f3n del solsticio <\/em><\/figcaption><\/figure><\/div>\n\n\n\n<div class=\"wp-block-image\"><figure class=\"aligncenter size-full\"><img loading=\"lazy\" decoding=\"async\" width=\"600\" height=\"320\" src=\"https:\/\/www.tierrahabitada.org\/wp-content\/uploads\/2023\/09\/Flores-del-jardin.jpg\" alt=\"\" class=\"wp-image-691\" srcset=\"https:\/\/www.tierrahabitada.org\/wp-content\/uploads\/2023\/09\/Flores-del-jardin.jpg 600w, https:\/\/www.tierrahabitada.org\/wp-content\/uploads\/2023\/09\/Flores-del-jardin-300x160.jpg 300w\" sizes=\"auto, (max-width: 600px) 100vw, 600px\" \/><figcaption><em>Flores del jard\u00edn<\/em><\/figcaption><\/figure><\/div>\n\n\n\n<div class=\"wp-block-image\"><figure class=\"aligncenter size-full\"><img loading=\"lazy\" decoding=\"async\" width=\"600\" height=\"320\" src=\"https:\/\/www.tierrahabitada.org\/wp-content\/uploads\/2023\/09\/Cielo-de-verano.jpg\" alt=\"\" class=\"wp-image-692\" srcset=\"https:\/\/www.tierrahabitada.org\/wp-content\/uploads\/2023\/09\/Cielo-de-verano.jpg 600w, https:\/\/www.tierrahabitada.org\/wp-content\/uploads\/2023\/09\/Cielo-de-verano-300x160.jpg 300w\" sizes=\"auto, (max-width: 600px) 100vw, 600px\" \/><figcaption><em>Atardecer en Ca\u00f1icosa<\/em><\/figcaption><\/figure><\/div>\n","protected":false},"excerpt":{"rendered":"<p>Pas\u00f3 el tiempo veraniego con sus calores, que en Ca\u00f1icosa duran poco. Llegaron las lluvias torrenciales de septiembre que en tantos lugares han sido arrasadoras. Tiempo de calor, tiempo de&#8230; <a class=\"read-more\" href=\"https:\/\/www.tierrahabitada.org\/index.php\/2023\/09\/07\/tiempo-veraniego-tiempo-otonal\/\">[Continuar Leyendo]<\/a><\/p>\n","protected":false},"author":1,"featured_media":695,"comment_status":"open","ping_status":"open","sticky":false,"template":"","format":"standard","meta":{"footnotes":""},"categories":[10],"tags":[],"class_list":["post-687","post","type-post","status-publish","format-standard","has-post-thumbnail","hentry","category-boletin"],"_links":{"self":[{"href":"https:\/\/www.tierrahabitada.org\/index.php\/wp-json\/wp\/v2\/posts\/687","targetHints":{"allow":["GET"]}}],"collection":[{"href":"https:\/\/www.tierrahabitada.org\/index.php\/wp-json\/wp\/v2\/posts"}],"about":[{"href":"https:\/\/www.tierrahabitada.org\/index.php\/wp-json\/wp\/v2\/types\/post"}],"author":[{"embeddable":true,"href":"https:\/\/www.tierrahabitada.org\/index.php\/wp-json\/wp\/v2\/users\/1"}],"replies":[{"embeddable":true,"href":"https:\/\/www.tierrahabitada.org\/index.php\/wp-json\/wp\/v2\/comments?post=687"}],"version-history":[{"count":3,"href":"https:\/\/www.tierrahabitada.org\/index.php\/wp-json\/wp\/v2\/posts\/687\/revisions"}],"predecessor-version":[{"id":694,"href":"https:\/\/www.tierrahabitada.org\/index.php\/wp-json\/wp\/v2\/posts\/687\/revisions\/694"}],"wp:featuredmedia":[{"embeddable":true,"href":"https:\/\/www.tierrahabitada.org\/index.php\/wp-json\/wp\/v2\/media\/695"}],"wp:attachment":[{"href":"https:\/\/www.tierrahabitada.org\/index.php\/wp-json\/wp\/v2\/media?parent=687"}],"wp:term":[{"taxonomy":"category","embeddable":true,"href":"https:\/\/www.tierrahabitada.org\/index.php\/wp-json\/wp\/v2\/categories?post=687"},{"taxonomy":"post_tag","embeddable":true,"href":"https:\/\/www.tierrahabitada.org\/index.php\/wp-json\/wp\/v2\/tags?post=687"}],"curies":[{"name":"wp","href":"https:\/\/api.w.org\/{rel}","templated":true}]}}