{"id":656,"date":"2023-06-01T15:59:47","date_gmt":"2023-06-01T15:59:47","guid":{"rendered":"https:\/\/www.tierrahabitada.org\/?p=656"},"modified":"2023-06-01T15:59:47","modified_gmt":"2023-06-01T15:59:47","slug":"celebracion-del-solsticio-de-verano","status":"publish","type":"post","link":"https:\/\/www.tierrahabitada.org\/index.php\/2023\/06\/01\/celebracion-del-solsticio-de-verano\/","title":{"rendered":"Celebraci\u00f3n del solsticio de verano"},"content":{"rendered":"\n<p>Celebraci\u00f3n del solsticio de verano el mi\u00e9rcoles 21 de junio de 2023 a las 19.30 en la sala de la Casa San Mart\u00edn. M\u00fasica, poemas, silencio y movimiento en armon\u00eda con el hermano sol en todo su esplendor.<\/p>\n\n\n\n<figure class=\"wp-block-image size-large\"><img loading=\"lazy\" decoding=\"async\" width=\"1024\" height=\"708\" src=\"https:\/\/www.tierrahabitada.org\/wp-content\/uploads\/2023\/06\/Celebracion-solsticio-verano-2023-1024x708.jpg\" alt=\"\" class=\"wp-image-657\" srcset=\"https:\/\/www.tierrahabitada.org\/wp-content\/uploads\/2023\/06\/Celebracion-solsticio-verano-2023-1024x708.jpg 1024w, https:\/\/www.tierrahabitada.org\/wp-content\/uploads\/2023\/06\/Celebracion-solsticio-verano-2023-300x207.jpg 300w, https:\/\/www.tierrahabitada.org\/wp-content\/uploads\/2023\/06\/Celebracion-solsticio-verano-2023-768x531.jpg 768w, https:\/\/www.tierrahabitada.org\/wp-content\/uploads\/2023\/06\/Celebracion-solsticio-verano-2023.jpg 1131w\" sizes=\"auto, (max-width: 1024px) 100vw, 1024px\" \/><\/figure>\n","protected":false},"excerpt":{"rendered":"<p>Celebraci\u00f3n del solsticio de verano el mi\u00e9rcoles 21 de junio de 2023 a las 19.30 en la sala de la Casa San Mart\u00edn. M\u00fasica, poemas, silencio y movimiento en armon\u00eda&#8230; <a class=\"read-more\" href=\"https:\/\/www.tierrahabitada.org\/index.php\/2023\/06\/01\/celebracion-del-solsticio-de-verano\/\">[Continuar Leyendo]<\/a><\/p>\n","protected":false},"author":1,"featured_media":659,"comment_status":"open","ping_status":"open","sticky":false,"template":"","format":"standard","meta":{"footnotes":""},"categories":[12],"tags":[],"class_list":["post-656","post","type-post","status-publish","format-standard","has-post-thumbnail","hentry","category-actividades"],"_links":{"self":[{"href":"https:\/\/www.tierrahabitada.org\/index.php\/wp-json\/wp\/v2\/posts\/656","targetHints":{"allow":["GET"]}}],"collection":[{"href":"https:\/\/www.tierrahabitada.org\/index.php\/wp-json\/wp\/v2\/posts"}],"about":[{"href":"https:\/\/www.tierrahabitada.org\/index.php\/wp-json\/wp\/v2\/types\/post"}],"author":[{"embeddable":true,"href":"https:\/\/www.tierrahabitada.org\/index.php\/wp-json\/wp\/v2\/users\/1"}],"replies":[{"embeddable":true,"href":"https:\/\/www.tierrahabitada.org\/index.php\/wp-json\/wp\/v2\/comments?post=656"}],"version-history":[{"count":2,"href":"https:\/\/www.tierrahabitada.org\/index.php\/wp-json\/wp\/v2\/posts\/656\/revisions"}],"predecessor-version":[{"id":660,"href":"https:\/\/www.tierrahabitada.org\/index.php\/wp-json\/wp\/v2\/posts\/656\/revisions\/660"}],"wp:featuredmedia":[{"embeddable":true,"href":"https:\/\/www.tierrahabitada.org\/index.php\/wp-json\/wp\/v2\/media\/659"}],"wp:attachment":[{"href":"https:\/\/www.tierrahabitada.org\/index.php\/wp-json\/wp\/v2\/media?parent=656"}],"wp:term":[{"taxonomy":"category","embeddable":true,"href":"https:\/\/www.tierrahabitada.org\/index.php\/wp-json\/wp\/v2\/categories?post=656"},{"taxonomy":"post_tag","embeddable":true,"href":"https:\/\/www.tierrahabitada.org\/index.php\/wp-json\/wp\/v2\/tags?post=656"}],"curies":[{"name":"wp","href":"https:\/\/api.w.org\/{rel}","templated":true}]}}