{"id":652,"date":"2023-06-01T15:52:53","date_gmt":"2023-06-01T15:52:53","guid":{"rendered":"https:\/\/www.tierrahabitada.org\/?p=652"},"modified":"2023-06-01T15:52:53","modified_gmt":"2023-06-01T15:52:53","slug":"retiro-la-danza-del-loto","status":"publish","type":"post","link":"https:\/\/www.tierrahabitada.org\/index.php\/2023\/06\/01\/retiro-la-danza-del-loto\/","title":{"rendered":"Retiro La danza del loto"},"content":{"rendered":"\n<p>\u00abDar a luz la belleza de nuestra esencia\u00bb. Un fin de semana de retiro con Ivana Caffaratti y Minerva Tejero. Danza, yoga y sabidur\u00eda ayurv\u00e9dica. 23-25 de junio de 2023. Informaci\u00f3n e inscripciones: info@ivanacaffaratti.com \/ 669 45 12 43.<\/p>\n\n\n\n<figure class=\"wp-block-image size-large\"><img loading=\"lazy\" decoding=\"async\" width=\"819\" height=\"1024\" src=\"https:\/\/www.tierrahabitada.org\/wp-content\/uploads\/2023\/06\/Cartel-finde-La-danza-del-loto-819x1024.jpg\" alt=\"\" class=\"wp-image-654\" srcset=\"https:\/\/www.tierrahabitada.org\/wp-content\/uploads\/2023\/06\/Cartel-finde-La-danza-del-loto-819x1024.jpg 819w, https:\/\/www.tierrahabitada.org\/wp-content\/uploads\/2023\/06\/Cartel-finde-La-danza-del-loto-240x300.jpg 240w, https:\/\/www.tierrahabitada.org\/wp-content\/uploads\/2023\/06\/Cartel-finde-La-danza-del-loto-768x961.jpg 768w, https:\/\/www.tierrahabitada.org\/wp-content\/uploads\/2023\/06\/Cartel-finde-La-danza-del-loto-1228x1536.jpg 1228w, https:\/\/www.tierrahabitada.org\/wp-content\/uploads\/2023\/06\/Cartel-finde-La-danza-del-loto.jpg 1279w\" sizes=\"auto, (max-width: 819px) 100vw, 819px\" \/><\/figure>\n","protected":false},"excerpt":{"rendered":"<p>\u00abDar a luz la belleza de nuestra esencia\u00bb. Un fin de semana de retiro con Ivana Caffaratti y Minerva Tejero. Danza, yoga y sabidur\u00eda ayurv\u00e9dica. 23-25 de junio de 2023&#8230;. <a class=\"read-more\" href=\"https:\/\/www.tierrahabitada.org\/index.php\/2023\/06\/01\/retiro-la-danza-del-loto\/\">[Continuar Leyendo]<\/a><\/p>\n","protected":false},"author":1,"featured_media":653,"comment_status":"open","ping_status":"open","sticky":false,"template":"","format":"standard","meta":{"footnotes":""},"categories":[12],"tags":[],"class_list":["post-652","post","type-post","status-publish","format-standard","has-post-thumbnail","hentry","category-actividades"],"_links":{"self":[{"href":"https:\/\/www.tierrahabitada.org\/index.php\/wp-json\/wp\/v2\/posts\/652","targetHints":{"allow":["GET"]}}],"collection":[{"href":"https:\/\/www.tierrahabitada.org\/index.php\/wp-json\/wp\/v2\/posts"}],"about":[{"href":"https:\/\/www.tierrahabitada.org\/index.php\/wp-json\/wp\/v2\/types\/post"}],"author":[{"embeddable":true,"href":"https:\/\/www.tierrahabitada.org\/index.php\/wp-json\/wp\/v2\/users\/1"}],"replies":[{"embeddable":true,"href":"https:\/\/www.tierrahabitada.org\/index.php\/wp-json\/wp\/v2\/comments?post=652"}],"version-history":[{"count":1,"href":"https:\/\/www.tierrahabitada.org\/index.php\/wp-json\/wp\/v2\/posts\/652\/revisions"}],"predecessor-version":[{"id":655,"href":"https:\/\/www.tierrahabitada.org\/index.php\/wp-json\/wp\/v2\/posts\/652\/revisions\/655"}],"wp:featuredmedia":[{"embeddable":true,"href":"https:\/\/www.tierrahabitada.org\/index.php\/wp-json\/wp\/v2\/media\/653"}],"wp:attachment":[{"href":"https:\/\/www.tierrahabitada.org\/index.php\/wp-json\/wp\/v2\/media?parent=652"}],"wp:term":[{"taxonomy":"category","embeddable":true,"href":"https:\/\/www.tierrahabitada.org\/index.php\/wp-json\/wp\/v2\/categories?post=652"},{"taxonomy":"post_tag","embeddable":true,"href":"https:\/\/www.tierrahabitada.org\/index.php\/wp-json\/wp\/v2\/tags?post=652"}],"curies":[{"name":"wp","href":"https:\/\/api.w.org\/{rel}","templated":true}]}}