{"id":649,"date":"2023-05-31T10:20:50","date_gmt":"2023-05-31T10:20:50","guid":{"rendered":"https:\/\/www.tierrahabitada.org\/?p=649"},"modified":"2023-06-13T15:06:52","modified_gmt":"2023-06-13T15:06:52","slug":"jornadas-habitando-la-tierra","status":"publish","type":"post","link":"https:\/\/www.tierrahabitada.org\/index.php\/2023\/05\/31\/jornadas-habitando-la-tierra\/","title":{"rendered":"Jornadas \u00abHabitando la tierra\u00bb"},"content":{"rendered":"\n<p>Os invitamos a compartir unos d\u00edas con y como nosotros, acordes al sentir de nuestro proyecto, a convivir y conectar con uno mismo, con la Tierra y sus habitantes.<\/p>\n\n\n\n<p>Haremos meditaciones, talleres pr\u00e1cticos y formativos, trabajos colaborativos, disfrutaremos de la naturaleza. Llevaremos un tipo de alimentaci\u00f3n ecol\u00f3gica, de temporada, local y vegetariana.<\/p>\n\n\n\n<p>Para familias, adultos y j\u00f3venes. Alojamiento y comida: 20,00 \u20ac\/persona.d\u00eda (en caso de dificultad econ\u00f3mica, hablad con nosotros). Posibilidad de participar en d\u00edas sueltos. Plazas limitadas.<\/p>\n\n\n\n<p>Informaci\u00f3n e inscripciones: <a href=\"mailto:contacto@tierrahabitada.org\">contacto@tierrahabitada.org<\/a> y 921504244.<\/p>\n\n\n\n<figure class=\"wp-block-image size-large\"><img loading=\"lazy\" decoding=\"async\" width=\"1024\" height=\"576\" src=\"https:\/\/www.tierrahabitada.org\/wp-content\/uploads\/2023\/06\/Jornadas-Habitando-la-tierra-2023-1024x576.jpeg\" alt=\"\" class=\"wp-image-663\" srcset=\"https:\/\/www.tierrahabitada.org\/wp-content\/uploads\/2023\/06\/Jornadas-Habitando-la-tierra-2023-1024x576.jpeg 1024w, https:\/\/www.tierrahabitada.org\/wp-content\/uploads\/2023\/06\/Jornadas-Habitando-la-tierra-2023-300x169.jpeg 300w, https:\/\/www.tierrahabitada.org\/wp-content\/uploads\/2023\/06\/Jornadas-Habitando-la-tierra-2023-768x432.jpeg 768w, https:\/\/www.tierrahabitada.org\/wp-content\/uploads\/2023\/06\/Jornadas-Habitando-la-tierra-2023.jpeg 1200w\" sizes=\"auto, (max-width: 1024px) 100vw, 1024px\" \/><\/figure>\n","protected":false},"excerpt":{"rendered":"<p>Os invitamos a compartir unos d\u00edas con y como nosotros, acordes al sentir de nuestro proyecto, a convivir y conectar con uno mismo, con la Tierra y sus habitantes. Haremos&#8230; <a class=\"read-more\" href=\"https:\/\/www.tierrahabitada.org\/index.php\/2023\/05\/31\/jornadas-habitando-la-tierra\/\">[Continuar Leyendo]<\/a><\/p>\n","protected":false},"author":1,"featured_media":663,"comment_status":"open","ping_status":"open","sticky":false,"template":"","format":"standard","meta":{"footnotes":""},"categories":[12],"tags":[],"class_list":["post-649","post","type-post","status-publish","format-standard","has-post-thumbnail","hentry","category-actividades"],"_links":{"self":[{"href":"https:\/\/www.tierrahabitada.org\/index.php\/wp-json\/wp\/v2\/posts\/649","targetHints":{"allow":["GET"]}}],"collection":[{"href":"https:\/\/www.tierrahabitada.org\/index.php\/wp-json\/wp\/v2\/posts"}],"about":[{"href":"https:\/\/www.tierrahabitada.org\/index.php\/wp-json\/wp\/v2\/types\/post"}],"author":[{"embeddable":true,"href":"https:\/\/www.tierrahabitada.org\/index.php\/wp-json\/wp\/v2\/users\/1"}],"replies":[{"embeddable":true,"href":"https:\/\/www.tierrahabitada.org\/index.php\/wp-json\/wp\/v2\/comments?post=649"}],"version-history":[{"count":2,"href":"https:\/\/www.tierrahabitada.org\/index.php\/wp-json\/wp\/v2\/posts\/649\/revisions"}],"predecessor-version":[{"id":664,"href":"https:\/\/www.tierrahabitada.org\/index.php\/wp-json\/wp\/v2\/posts\/649\/revisions\/664"}],"wp:featuredmedia":[{"embeddable":true,"href":"https:\/\/www.tierrahabitada.org\/index.php\/wp-json\/wp\/v2\/media\/663"}],"wp:attachment":[{"href":"https:\/\/www.tierrahabitada.org\/index.php\/wp-json\/wp\/v2\/media?parent=649"}],"wp:term":[{"taxonomy":"category","embeddable":true,"href":"https:\/\/www.tierrahabitada.org\/index.php\/wp-json\/wp\/v2\/categories?post=649"},{"taxonomy":"post_tag","embeddable":true,"href":"https:\/\/www.tierrahabitada.org\/index.php\/wp-json\/wp\/v2\/tags?post=649"}],"curies":[{"name":"wp","href":"https:\/\/api.w.org\/{rel}","templated":true}]}}