{"id":639,"date":"2023-05-31T10:13:43","date_gmt":"2023-05-31T10:13:43","guid":{"rendered":"https:\/\/www.tierrahabitada.org\/?p=639"},"modified":"2023-05-31T10:21:29","modified_gmt":"2023-05-31T10:21:29","slug":"temporada-alta","status":"publish","type":"post","link":"https:\/\/www.tierrahabitada.org\/index.php\/2023\/05\/31\/temporada-alta\/","title":{"rendered":"Temporada alta"},"content":{"rendered":"\n<p>Esta primavera est\u00e1 siendo para nosotros la \u201ctemporada alta\u201d de actividades en la Casa San Mart\u00edn. Adem\u00e1s de los grupos en fines de semana, recibimos entre semana a colegios de pedagog\u00eda Waldorf a los que acompa\u00f1amos. Grupos escolares que tanta vida dan a la casa y a Ca\u00f1icosa. Agradecemos tambi\u00e9n a los artesanos locales su generosidad para compartir sus quehaceres y conocimientos; personas que est\u00e1n cambiando el mundo con sus manos y con la pasi\u00f3n que ponen en lo que hacen.<\/p>\n\n\n\n<p>Otros grupos que han querido venir a formarse en ecolog\u00eda y espiritualidad han sido los alumnos de la Escuela Superior de Estudios Franciscanos y los responsables de pastoral de colegios de la fundaci\u00f3n Sp\u00ednola. Tanto unos como otros se han ido agradecidos y encantados, con el coraz\u00f3n ensanchado por la belleza de este lugar y el convencimiento de que otro mundo mejor est\u00e1 siendo posible.<\/p>\n\n\n\n<p>Del 6 al 9 de julio seguiremos compartiendo abiertamente lo que somos y hacemos en las \u201c<strong><a href=\"https:\/\/www.tierrahabitada.org\/index.php\/2023\/05\/31\/jornadas-habitando-la-tierra\/\" target=\"_blank\" rel=\"noreferrer noopener\">Jornadas habitando la tierra<\/a><\/strong>\u201d. Unos d\u00edas para convivir, trabajar, aprender, meditar y celebrar en familia. \u00a1Os esperamos del 6 al 9 de julio! No dud\u00e9is en compartir la convocatoria con quienes puedan estar interesados.<\/p>\n\n\n\n<p>Y antes, el mi\u00e9rcoles 21 de junio a las 19.30, celebraremos el solsticio de verano agradeciendo al hermano sol toda la vida que hace posible con su esplendor.<\/p>\n\n\n\n<p>Terminamos con el precioso comentario que nos dej\u00f3 en la plataforma <a href=\"http:\/\/www.workaway.info\" target=\"_blank\" rel=\"noreferrer noopener\">workaway.info<\/a> uno de los \u00faltimos voluntarios internacionales que ha pasado por aqu\u00ed: \u00abPas\u00e9 dos semanas estupendas con Pili y Jos\u00e9 en Ca\u00f1icosa. Fue una estancia fant\u00e1stica y una aut\u00e9ntica gozada trabajar en su huerta y con los ni\u00f1os que vinieron a ver el pueblo desde Madrid. Me lo pas\u00e9 s\u00faper bien y se lo recomendar\u00eda a cualquiera que quiera pasar un tiempo en buena compa\u00f1\u00eda, aprender sobre la importancia de cuidar el planeta y nuestro entorno y, sobre todo, celebrar lo bueno que es vivir y compartir. Muchas gracias Pili y Jos\u00e9\u00bb.<\/p>\n\n\n\n<figure class=\"wp-block-image size-full\"><img decoding=\"async\" src=\"https:\/\/www.tierrahabitada.org\/wp-content\/uploads\/2023\/05\/Jornadas_Habitando_la_tierra-web.jpeg\" alt=\"\" class=\"wp-image-641\"\/><figcaption><em>\u00a1Os esperamos en julio!<\/em><\/figcaption><\/figure>\n\n\n\n<figure class=\"wp-block-image size-full\"><img loading=\"lazy\" decoding=\"async\" width=\"600\" height=\"320\" src=\"https:\/\/www.tierrahabitada.org\/wp-content\/uploads\/2023\/05\/Aula-sala-ESEF-2023-web.jpg\" alt=\"\" class=\"wp-image-642\" srcset=\"https:\/\/www.tierrahabitada.org\/wp-content\/uploads\/2023\/05\/Aula-sala-ESEF-2023-web.jpg 600w, https:\/\/www.tierrahabitada.org\/wp-content\/uploads\/2023\/05\/Aula-sala-ESEF-2023-web-300x160.jpg 300w\" sizes=\"auto, (max-width: 600px) 100vw, 600px\" \/><figcaption><em>La sala de actividades convertida en aula<\/em><\/figcaption><\/figure>\n\n\n\n<figure class=\"wp-block-image size-full\"><img loading=\"lazy\" decoding=\"async\" width=\"600\" height=\"320\" src=\"https:\/\/www.tierrahabitada.org\/wp-content\/uploads\/2023\/05\/Flores-primaverales.jpg\" alt=\"\" class=\"wp-image-645\" srcset=\"https:\/\/www.tierrahabitada.org\/wp-content\/uploads\/2023\/05\/Flores-primaverales.jpg 600w, https:\/\/www.tierrahabitada.org\/wp-content\/uploads\/2023\/05\/Flores-primaverales-300x160.jpg 300w\" sizes=\"auto, (max-width: 600px) 100vw, 600px\" \/><figcaption><em>Flores de primavera<\/em><\/figcaption><\/figure>\n\n\n\n<p><\/p>\n","protected":false},"excerpt":{"rendered":"<p>Esta primavera est\u00e1 siendo para nosotros la \u201ctemporada alta\u201d de actividades en la Casa San Mart\u00edn. Adem\u00e1s de los grupos en fines de semana, recibimos entre semana a colegios de&#8230; <a class=\"read-more\" href=\"https:\/\/www.tierrahabitada.org\/index.php\/2023\/05\/31\/temporada-alta\/\">[Continuar Leyendo]<\/a><\/p>\n","protected":false},"author":1,"featured_media":640,"comment_status":"open","ping_status":"open","sticky":false,"template":"","format":"standard","meta":{"footnotes":""},"categories":[10],"tags":[],"class_list":["post-639","post","type-post","status-publish","format-standard","has-post-thumbnail","hentry","category-boletin"],"_links":{"self":[{"href":"https:\/\/www.tierrahabitada.org\/index.php\/wp-json\/wp\/v2\/posts\/639","targetHints":{"allow":["GET"]}}],"collection":[{"href":"https:\/\/www.tierrahabitada.org\/index.php\/wp-json\/wp\/v2\/posts"}],"about":[{"href":"https:\/\/www.tierrahabitada.org\/index.php\/wp-json\/wp\/v2\/types\/post"}],"author":[{"embeddable":true,"href":"https:\/\/www.tierrahabitada.org\/index.php\/wp-json\/wp\/v2\/users\/1"}],"replies":[{"embeddable":true,"href":"https:\/\/www.tierrahabitada.org\/index.php\/wp-json\/wp\/v2\/comments?post=639"}],"version-history":[{"count":5,"href":"https:\/\/www.tierrahabitada.org\/index.php\/wp-json\/wp\/v2\/posts\/639\/revisions"}],"predecessor-version":[{"id":651,"href":"https:\/\/www.tierrahabitada.org\/index.php\/wp-json\/wp\/v2\/posts\/639\/revisions\/651"}],"wp:featuredmedia":[{"embeddable":true,"href":"https:\/\/www.tierrahabitada.org\/index.php\/wp-json\/wp\/v2\/media\/640"}],"wp:attachment":[{"href":"https:\/\/www.tierrahabitada.org\/index.php\/wp-json\/wp\/v2\/media?parent=639"}],"wp:term":[{"taxonomy":"category","embeddable":true,"href":"https:\/\/www.tierrahabitada.org\/index.php\/wp-json\/wp\/v2\/categories?post=639"},{"taxonomy":"post_tag","embeddable":true,"href":"https:\/\/www.tierrahabitada.org\/index.php\/wp-json\/wp\/v2\/tags?post=639"}],"curies":[{"name":"wp","href":"https:\/\/api.w.org\/{rel}","templated":true}]}}