{"id":625,"date":"2023-04-16T17:41:32","date_gmt":"2023-04-16T17:41:32","guid":{"rendered":"https:\/\/www.tierrahabitada.org\/?p=625"},"modified":"2023-04-16T17:42:44","modified_gmt":"2023-04-16T17:42:44","slug":"conferencia-de-anton-kimpfler","status":"publish","type":"post","link":"https:\/\/www.tierrahabitada.org\/index.php\/2023\/04\/16\/conferencia-de-anton-kimpfler\/","title":{"rendered":"Conferencia de Anton Kimpfler"},"content":{"rendered":"\n<p>\u00abPaz con los hombres y la tierra\u00bb es el t\u00edtulo de la conferencia que ofrecer\u00e1 <strong>Anton Kimpfler<\/strong> el pr\u00f3ximo mi\u00e9rcoles 19 de abril a las 19 h. en la Casa San Mart\u00edn de Ca\u00f1icosa. <\/p>\n\n\n\n<p>Anton Kimpfler, experto en antroposof\u00eda, viene cada a\u00f1o a Espa\u00f1a y en esta ocasi\u00f3n se acercar\u00e1 a Ca\u00f1icosa a compartir <a href=\"https:\/\/www.rtve.es\/noticias\/20140420\/anton-kimplfler-antroposofo-necesitamos-naturaleza-mas-nunca\/912380.shtml\" target=\"_blank\" rel=\"noreferrer noopener\">su visi\u00f3n del mundo y de la tierra<\/a>. Conferencia en alem\u00e1n con traducci\u00f3n simult\u00e1nea. Aportaci\u00f3n consciente.  <\/p>\n\n\n\n<figure class=\"wp-block-image size-full\"><img loading=\"lazy\" decoding=\"async\" width=\"600\" height=\"433\" src=\"https:\/\/www.tierrahabitada.org\/wp-content\/uploads\/2023\/04\/Conferencia-Anton-Kimpler-800.jpg\" alt=\"\" class=\"wp-image-627\" srcset=\"https:\/\/www.tierrahabitada.org\/wp-content\/uploads\/2023\/04\/Conferencia-Anton-Kimpler-800.jpg 600w, https:\/\/www.tierrahabitada.org\/wp-content\/uploads\/2023\/04\/Conferencia-Anton-Kimpler-800-300x217.jpg 300w\" sizes=\"auto, (max-width: 600px) 100vw, 600px\" \/><\/figure>\n","protected":false},"excerpt":{"rendered":"<p>\u00abPaz con los hombres y la tierra\u00bb es el t\u00edtulo de la conferencia que ofrecer\u00e1 Anton Kimpfler el pr\u00f3ximo mi\u00e9rcoles 19 de abril a las 19 h. en la Casa&#8230; <a class=\"read-more\" href=\"https:\/\/www.tierrahabitada.org\/index.php\/2023\/04\/16\/conferencia-de-anton-kimpfler\/\">[Continuar Leyendo]<\/a><\/p>\n","protected":false},"author":1,"featured_media":626,"comment_status":"open","ping_status":"open","sticky":false,"template":"","format":"standard","meta":{"footnotes":""},"categories":[12],"tags":[11],"class_list":["post-625","post","type-post","status-publish","format-standard","has-post-thumbnail","hentry","category-actividades","tag-actividades"],"_links":{"self":[{"href":"https:\/\/www.tierrahabitada.org\/index.php\/wp-json\/wp\/v2\/posts\/625","targetHints":{"allow":["GET"]}}],"collection":[{"href":"https:\/\/www.tierrahabitada.org\/index.php\/wp-json\/wp\/v2\/posts"}],"about":[{"href":"https:\/\/www.tierrahabitada.org\/index.php\/wp-json\/wp\/v2\/types\/post"}],"author":[{"embeddable":true,"href":"https:\/\/www.tierrahabitada.org\/index.php\/wp-json\/wp\/v2\/users\/1"}],"replies":[{"embeddable":true,"href":"https:\/\/www.tierrahabitada.org\/index.php\/wp-json\/wp\/v2\/comments?post=625"}],"version-history":[{"count":2,"href":"https:\/\/www.tierrahabitada.org\/index.php\/wp-json\/wp\/v2\/posts\/625\/revisions"}],"predecessor-version":[{"id":629,"href":"https:\/\/www.tierrahabitada.org\/index.php\/wp-json\/wp\/v2\/posts\/625\/revisions\/629"}],"wp:featuredmedia":[{"embeddable":true,"href":"https:\/\/www.tierrahabitada.org\/index.php\/wp-json\/wp\/v2\/media\/626"}],"wp:attachment":[{"href":"https:\/\/www.tierrahabitada.org\/index.php\/wp-json\/wp\/v2\/media?parent=625"}],"wp:term":[{"taxonomy":"category","embeddable":true,"href":"https:\/\/www.tierrahabitada.org\/index.php\/wp-json\/wp\/v2\/categories?post=625"},{"taxonomy":"post_tag","embeddable":true,"href":"https:\/\/www.tierrahabitada.org\/index.php\/wp-json\/wp\/v2\/tags?post=625"}],"curies":[{"name":"wp","href":"https:\/\/api.w.org\/{rel}","templated":true}]}}