{"id":603,"date":"2023-02-12T18:02:35","date_gmt":"2023-02-12T18:02:35","guid":{"rendered":"https:\/\/www.tierrahabitada.org\/?p=603"},"modified":"2023-02-12T18:02:35","modified_gmt":"2023-02-12T18:02:35","slug":"nieves-tardias","status":"publish","type":"post","link":"https:\/\/www.tierrahabitada.org\/index.php\/2023\/02\/12\/nieves-tardias\/","title":{"rendered":"Nieves tard\u00edas"},"content":{"rendered":"\n<p>Este invierno las nieves llegaron tard\u00edamente a mediados de enero. Aunque las cumbres todav\u00eda decoran el paisaje con su blancura, en el pueblo apenas han ca\u00eddo unos cent\u00edmetros, que se desvanecieron pronto.<\/p>\n\n\n\n<p>Enero es un mes de poco trabajo agr\u00edcola, mes de descanso y espera para la tierra y tiempo para trabajar en otras ocupaciones, de las que nunca faltan. En febrero vamos ya planificando el huerto, teniendo en cuenta lo sembrado el a\u00f1o anterior en cada bancal para procurar la rotaci\u00f3n de cultivos. Y vamos pensando tambi\u00e9n en preparar los semilleros. La experiencia nos va ense\u00f1ando lo importante que es contar con buenas semillas y c\u00f3mo conservarlas de un a\u00f1o para otro.<\/p>\n\n\n\n<p>\u201cTrasmochar\u201d es una palabra nueva en nuestro vocabulario. Localmente se utiliza para referirse a la poda de las ramas de \u00e1rboles destinados a producir le\u00f1a. En la dehesa de Matabuena pueden contemplarse ejemplares centenarios de robles, con un anciano tronco que no se corresponde con la juventud de sus ramas. Una pr\u00e1ctica que se viene haciendo de antiguo, aunque nos preocupa no ver brotes nuevos de \u00e1rboles que puedan tomar el relevo. Tambi\u00e9n nosotros, junto a otros vecinos, este a\u00f1o nos hemos apuntado a las \u201csuertes de le\u00f1a\u201d -los lotes que el ayuntamiento sortea- para podar y aprovechar este recurso natural que, a peque\u00f1a escala, reduce la quema de combustibles f\u00f3siles.<\/p>\n\n\n\n<p>En la Casa San Mart\u00edn, las reservas de grupos en fines de semana llenan pr\u00e1cticamente todo el calendario hasta el verano. Todas ellas en relaci\u00f3n al crecimiento personal, facilitaci\u00f3n de grupos, euritmia, danza espiritual, yoga, alimentaci\u00f3n y otras materias. Adem\u00e1s, tambi\u00e9n esperamos, entre semana, algunos grupos de ni\u00f1os, j\u00f3venes y adultos a quienes ofrecemos actividades en relaci\u00f3n con la ecolog\u00eda integral. Nos alegra ver as\u00ed encaminado el sue\u00f1o de un lugar de ecolog\u00eda, espiritualidad y acogida. Todo ello nos anima a afrontar con ilusi\u00f3n el proyecto de rehabilitaci\u00f3n energ\u00e9tica de la nave adquirida por la fundaci\u00f3n el a\u00f1o pasado. Esperamos poder ampliar as\u00ed las actividades que ofrecemos.<\/p>\n\n\n\n<p> <\/p>\n\n\n\n<figure class=\"wp-block-image size-full\"><img loading=\"lazy\" decoding=\"async\" width=\"600\" height=\"320\" src=\"https:\/\/www.tierrahabitada.org\/wp-content\/uploads\/2023\/02\/Cereales-con-nieve.jpg\" alt=\"\" class=\"wp-image-604\" srcset=\"https:\/\/www.tierrahabitada.org\/wp-content\/uploads\/2023\/02\/Cereales-con-nieve.jpg 600w, https:\/\/www.tierrahabitada.org\/wp-content\/uploads\/2023\/02\/Cereales-con-nieve-300x160.jpg 300w\" sizes=\"auto, (max-width: 600px) 100vw, 600px\" \/><figcaption><em>Los cereales sembrados por un grupo escolar en oto\u00f1o despuntan sobre la nieve<\/em><\/figcaption><\/figure>\n\n\n\n<figure class=\"wp-block-image size-full\"><img loading=\"lazy\" decoding=\"async\" width=\"600\" height=\"320\" src=\"https:\/\/www.tierrahabitada.org\/wp-content\/uploads\/2023\/02\/Gallo.jpg\" alt=\"\" class=\"wp-image-605\" srcset=\"https:\/\/www.tierrahabitada.org\/wp-content\/uploads\/2023\/02\/Gallo.jpg 600w, https:\/\/www.tierrahabitada.org\/wp-content\/uploads\/2023\/02\/Gallo-300x160.jpg 300w\" sizes=\"auto, (max-width: 600px) 100vw, 600px\" \/><figcaption><em>Uno de los pollitos nacidos en agosto es ya un gallo adulto<\/em><\/figcaption><\/figure>\n\n\n\n<figure class=\"wp-block-image size-full\"><img loading=\"lazy\" decoding=\"async\" width=\"600\" height=\"320\" src=\"https:\/\/www.tierrahabitada.org\/wp-content\/uploads\/2023\/02\/Robles-transmochos2.jpg\" alt=\"\" class=\"wp-image-608\" srcset=\"https:\/\/www.tierrahabitada.org\/wp-content\/uploads\/2023\/02\/Robles-transmochos2.jpg 600w, https:\/\/www.tierrahabitada.org\/wp-content\/uploads\/2023\/02\/Robles-transmochos2-300x160.jpg 300w\" sizes=\"auto, (max-width: 600px) 100vw, 600px\" \/><figcaption><em>Robles centenarios trasmochados<\/em><\/figcaption><\/figure>\n\n\n\n<p><\/p>\n","protected":false},"excerpt":{"rendered":"<p>Este invierno las nieves llegaron tard\u00edamente a mediados de enero. Aunque las cumbres todav\u00eda decoran el paisaje con su blancura, en el pueblo apenas han ca\u00eddo unos cent\u00edmetros, que se&#8230; <a class=\"read-more\" href=\"https:\/\/www.tierrahabitada.org\/index.php\/2023\/02\/12\/nieves-tardias\/\">[Continuar Leyendo]<\/a><\/p>\n","protected":false},"author":1,"featured_media":606,"comment_status":"open","ping_status":"open","sticky":false,"template":"","format":"standard","meta":{"footnotes":""},"categories":[10],"tags":[],"class_list":["post-603","post","type-post","status-publish","format-standard","has-post-thumbnail","hentry","category-boletin"],"_links":{"self":[{"href":"https:\/\/www.tierrahabitada.org\/index.php\/wp-json\/wp\/v2\/posts\/603","targetHints":{"allow":["GET"]}}],"collection":[{"href":"https:\/\/www.tierrahabitada.org\/index.php\/wp-json\/wp\/v2\/posts"}],"about":[{"href":"https:\/\/www.tierrahabitada.org\/index.php\/wp-json\/wp\/v2\/types\/post"}],"author":[{"embeddable":true,"href":"https:\/\/www.tierrahabitada.org\/index.php\/wp-json\/wp\/v2\/users\/1"}],"replies":[{"embeddable":true,"href":"https:\/\/www.tierrahabitada.org\/index.php\/wp-json\/wp\/v2\/comments?post=603"}],"version-history":[{"count":9,"href":"https:\/\/www.tierrahabitada.org\/index.php\/wp-json\/wp\/v2\/posts\/603\/revisions"}],"predecessor-version":[{"id":616,"href":"https:\/\/www.tierrahabitada.org\/index.php\/wp-json\/wp\/v2\/posts\/603\/revisions\/616"}],"wp:featuredmedia":[{"embeddable":true,"href":"https:\/\/www.tierrahabitada.org\/index.php\/wp-json\/wp\/v2\/media\/606"}],"wp:attachment":[{"href":"https:\/\/www.tierrahabitada.org\/index.php\/wp-json\/wp\/v2\/media?parent=603"}],"wp:term":[{"taxonomy":"category","embeddable":true,"href":"https:\/\/www.tierrahabitada.org\/index.php\/wp-json\/wp\/v2\/categories?post=603"},{"taxonomy":"post_tag","embeddable":true,"href":"https:\/\/www.tierrahabitada.org\/index.php\/wp-json\/wp\/v2\/tags?post=603"}],"curies":[{"name":"wp","href":"https:\/\/api.w.org\/{rel}","templated":true}]}}