{"id":594,"date":"2022-12-15T19:05:30","date_gmt":"2022-12-15T19:05:30","guid":{"rendered":"https:\/\/www.tierrahabitada.org\/?p=594"},"modified":"2022-12-15T19:10:56","modified_gmt":"2022-12-15T19:10:56","slug":"celebracion-del-solsticio","status":"publish","type":"post","link":"https:\/\/www.tierrahabitada.org\/index.php\/2022\/12\/15\/celebracion-del-solsticio\/","title":{"rendered":"Celebraci\u00f3n del solsticio"},"content":{"rendered":"\n<p>En los d\u00edas m\u00e1s oscuros del a\u00f1o nos preparamos para celebrar el momento en que la luz comenzar\u00e1 a avanzar sobre la noche. \u00a1Os esperamos!<\/p>\n","protected":false},"excerpt":{"rendered":"<p>En los d\u00edas m\u00e1s oscuros del a\u00f1o nos preparamos para celebrar el momento en que la luz comenzar\u00e1 a avanzar sobre la noche. \u00a1Os esperamos!<\/p>\n","protected":false},"author":1,"featured_media":600,"comment_status":"open","ping_status":"open","sticky":false,"template":"","format":"standard","meta":{"footnotes":""},"categories":[1],"tags":[],"class_list":["post-594","post","type-post","status-publish","format-standard","has-post-thumbnail","hentry","category-sin-categoria"],"_links":{"self":[{"href":"https:\/\/www.tierrahabitada.org\/index.php\/wp-json\/wp\/v2\/posts\/594","targetHints":{"allow":["GET"]}}],"collection":[{"href":"https:\/\/www.tierrahabitada.org\/index.php\/wp-json\/wp\/v2\/posts"}],"about":[{"href":"https:\/\/www.tierrahabitada.org\/index.php\/wp-json\/wp\/v2\/types\/post"}],"author":[{"embeddable":true,"href":"https:\/\/www.tierrahabitada.org\/index.php\/wp-json\/wp\/v2\/users\/1"}],"replies":[{"embeddable":true,"href":"https:\/\/www.tierrahabitada.org\/index.php\/wp-json\/wp\/v2\/comments?post=594"}],"version-history":[{"count":4,"href":"https:\/\/www.tierrahabitada.org\/index.php\/wp-json\/wp\/v2\/posts\/594\/revisions"}],"predecessor-version":[{"id":601,"href":"https:\/\/www.tierrahabitada.org\/index.php\/wp-json\/wp\/v2\/posts\/594\/revisions\/601"}],"wp:featuredmedia":[{"embeddable":true,"href":"https:\/\/www.tierrahabitada.org\/index.php\/wp-json\/wp\/v2\/media\/600"}],"wp:attachment":[{"href":"https:\/\/www.tierrahabitada.org\/index.php\/wp-json\/wp\/v2\/media?parent=594"}],"wp:term":[{"taxonomy":"category","embeddable":true,"href":"https:\/\/www.tierrahabitada.org\/index.php\/wp-json\/wp\/v2\/categories?post=594"},{"taxonomy":"post_tag","embeddable":true,"href":"https:\/\/www.tierrahabitada.org\/index.php\/wp-json\/wp\/v2\/tags?post=594"}],"curies":[{"name":"wp","href":"https:\/\/api.w.org\/{rel}","templated":true}]}}