{"id":587,"date":"2022-11-14T09:02:45","date_gmt":"2022-11-14T09:02:45","guid":{"rendered":"https:\/\/www.tierrahabitada.org\/?p=587"},"modified":"2022-11-14T09:02:45","modified_gmt":"2022-11-14T09:02:45","slug":"fiesta-de-san-martin","status":"publish","type":"post","link":"https:\/\/www.tierrahabitada.org\/index.php\/2022\/11\/14\/fiesta-de-san-martin\/","title":{"rendered":"Fiesta de San Mart\u00edn"},"content":{"rendered":"\n<p>El s\u00e1bado 12 de noviembre hemos retomado en la Casa San Mart\u00edn la tradici\u00f3n de celebrar la fiesta de su santo patrono, cuya festividad \u2013san Mart\u00edn de Tours\u2013 se celebra cada a\u00f1o el 11 de noviembre. Despu\u00e9s de escuchar su vida de la boca de un misterioso \u201cesp\u00eda\u201d que nos hizo retroceder en el tiempo, cuarenta personas entre adultos y ni\u00f1os hemos alumbrado las calles de Ca\u00f1icosa con las luces de los farolillos que previamente hab\u00edamos elaborado. El recorrido termin\u00f3 en la ermita del pueblo \u2013que precisamente lleva el nombre de este santo\u2013 antes de volver a la Casa San Mart\u00edn para completar la tarde con una merecida chocolatada. \u00a1Gracias a todos los participantes!<\/p>\n\n\n\n<figure class=\"wp-block-image size-full\"><img loading=\"lazy\" decoding=\"async\" width=\"600\" height=\"320\" src=\"https:\/\/www.tierrahabitada.org\/wp-content\/uploads\/2022\/11\/Fiesta-San-Martin-01.jpg\" alt=\"\" class=\"wp-image-589\" srcset=\"https:\/\/www.tierrahabitada.org\/wp-content\/uploads\/2022\/11\/Fiesta-San-Martin-01.jpg 600w, https:\/\/www.tierrahabitada.org\/wp-content\/uploads\/2022\/11\/Fiesta-San-Martin-01-300x160.jpg 300w\" sizes=\"auto, (max-width: 600px) 100vw, 600px\" \/><figcaption><em>Pintando los farolillos<\/em><\/figcaption><\/figure>\n\n\n\n<figure class=\"wp-block-image size-full\"><img loading=\"lazy\" decoding=\"async\" width=\"600\" height=\"320\" src=\"https:\/\/www.tierrahabitada.org\/wp-content\/uploads\/2022\/11\/Fiesta-San-Martin-02.jpg\" alt=\"\" class=\"wp-image-590\" srcset=\"https:\/\/www.tierrahabitada.org\/wp-content\/uploads\/2022\/11\/Fiesta-San-Martin-02.jpg 600w, https:\/\/www.tierrahabitada.org\/wp-content\/uploads\/2022\/11\/Fiesta-San-Martin-02-300x160.jpg 300w\" sizes=\"auto, (max-width: 600px) 100vw, 600px\" \/><figcaption><em>Buscando palitos a la ca\u00edda de la tarde<\/em><\/figcaption><\/figure>\n\n\n\n<figure class=\"wp-block-image size-full\"><img loading=\"lazy\" decoding=\"async\" width=\"600\" height=\"320\" src=\"https:\/\/www.tierrahabitada.org\/wp-content\/uploads\/2022\/11\/Fiesta-San-Martin-04.jpg\" alt=\"\" class=\"wp-image-591\" srcset=\"https:\/\/www.tierrahabitada.org\/wp-content\/uploads\/2022\/11\/Fiesta-San-Martin-04.jpg 600w, https:\/\/www.tierrahabitada.org\/wp-content\/uploads\/2022\/11\/Fiesta-San-Martin-04-300x160.jpg 300w\" sizes=\"auto, (max-width: 600px) 100vw, 600px\" \/><figcaption><em>Recorrido por la calles de Ca\u00f1icosa<\/em><\/figcaption><\/figure>\n","protected":false},"excerpt":{"rendered":"<p>El s\u00e1bado 12 de noviembre hemos retomado en la Casa San Mart\u00edn la tradici\u00f3n de celebrar la fiesta de su santo patrono, cuya festividad \u2013san Mart\u00edn de Tours\u2013 se celebra&#8230; <a class=\"read-more\" href=\"https:\/\/www.tierrahabitada.org\/index.php\/2022\/11\/14\/fiesta-de-san-martin\/\">[Continuar Leyendo]<\/a><\/p>\n","protected":false},"author":1,"featured_media":588,"comment_status":"open","ping_status":"open","sticky":false,"template":"","format":"standard","meta":{"footnotes":""},"categories":[1],"tags":[],"class_list":["post-587","post","type-post","status-publish","format-standard","has-post-thumbnail","hentry","category-sin-categoria"],"_links":{"self":[{"href":"https:\/\/www.tierrahabitada.org\/index.php\/wp-json\/wp\/v2\/posts\/587","targetHints":{"allow":["GET"]}}],"collection":[{"href":"https:\/\/www.tierrahabitada.org\/index.php\/wp-json\/wp\/v2\/posts"}],"about":[{"href":"https:\/\/www.tierrahabitada.org\/index.php\/wp-json\/wp\/v2\/types\/post"}],"author":[{"embeddable":true,"href":"https:\/\/www.tierrahabitada.org\/index.php\/wp-json\/wp\/v2\/users\/1"}],"replies":[{"embeddable":true,"href":"https:\/\/www.tierrahabitada.org\/index.php\/wp-json\/wp\/v2\/comments?post=587"}],"version-history":[{"count":1,"href":"https:\/\/www.tierrahabitada.org\/index.php\/wp-json\/wp\/v2\/posts\/587\/revisions"}],"predecessor-version":[{"id":592,"href":"https:\/\/www.tierrahabitada.org\/index.php\/wp-json\/wp\/v2\/posts\/587\/revisions\/592"}],"wp:featuredmedia":[{"embeddable":true,"href":"https:\/\/www.tierrahabitada.org\/index.php\/wp-json\/wp\/v2\/media\/588"}],"wp:attachment":[{"href":"https:\/\/www.tierrahabitada.org\/index.php\/wp-json\/wp\/v2\/media?parent=587"}],"wp:term":[{"taxonomy":"category","embeddable":true,"href":"https:\/\/www.tierrahabitada.org\/index.php\/wp-json\/wp\/v2\/categories?post=587"},{"taxonomy":"post_tag","embeddable":true,"href":"https:\/\/www.tierrahabitada.org\/index.php\/wp-json\/wp\/v2\/tags?post=587"}],"curies":[{"name":"wp","href":"https:\/\/api.w.org\/{rel}","templated":true}]}}