{"id":578,"date":"2022-11-08T17:06:10","date_gmt":"2022-11-08T17:06:10","guid":{"rendered":"https:\/\/www.tierrahabitada.org\/?p=578"},"modified":"2022-11-08T17:06:10","modified_gmt":"2022-11-08T17:06:10","slug":"concierto-y-fiesta-de-san-martin","status":"publish","type":"post","link":"https:\/\/www.tierrahabitada.org\/index.php\/2022\/11\/08\/concierto-y-fiesta-de-san-martin\/","title":{"rendered":"Concierto y fiesta de San Mart\u00edn"},"content":{"rendered":"\n<p>El pr\u00f3ximo viernes 11 de noviembre a las 20 h., en la Casa San Mart\u00edn tendr\u00e1 lugar un nuevo concierto, esta vez a cargo del grupo TRIA.<\/p>\n\n\n\n<p>Y al d\u00eda siguiente, s\u00e1bado 12, recuperaremos una tradici\u00f3n que durante muchos a\u00f1os se ha celebrado en Ca\u00f1icosa: la fiesta de san Mart\u00edn. Cuando el oto\u00f1o nos va conduciendo a d\u00edas cada vez m\u00e1s breves y oscuros, la luz de los faroles recorrer\u00e1 las calles de nuestro pueblo. <\/p>\n\n\n\n<p>A partir de las 16 h.: taller de farolillos, representaci\u00f3n teatral, chocolatada y procesi\u00f3n con faroles hasta la ermita de San Mart\u00edn.<\/p>\n\n\n\n<figure class=\"wp-block-image size-full\"><img loading=\"lazy\" decoding=\"async\" width=\"566\" height=\"800\" src=\"https:\/\/www.tierrahabitada.org\/wp-content\/uploads\/2022\/11\/Concierto-TRIA.jpg\" alt=\"\" class=\"wp-image-579\" srcset=\"https:\/\/www.tierrahabitada.org\/wp-content\/uploads\/2022\/11\/Concierto-TRIA.jpg 566w, https:\/\/www.tierrahabitada.org\/wp-content\/uploads\/2022\/11\/Concierto-TRIA-212x300.jpg 212w\" sizes=\"auto, (max-width: 566px) 100vw, 566px\" \/><\/figure>\n\n\n\n<figure class=\"wp-block-image size-large\"><img loading=\"lazy\" decoding=\"async\" width=\"1024\" height=\"768\" src=\"https:\/\/www.tierrahabitada.org\/wp-content\/uploads\/2022\/11\/Cartel-San-Martin-2022-1024x768.jpg\" alt=\"\" class=\"wp-image-580\" srcset=\"https:\/\/www.tierrahabitada.org\/wp-content\/uploads\/2022\/11\/Cartel-San-Martin-2022-1024x768.jpg 1024w, https:\/\/www.tierrahabitada.org\/wp-content\/uploads\/2022\/11\/Cartel-San-Martin-2022-300x225.jpg 300w, https:\/\/www.tierrahabitada.org\/wp-content\/uploads\/2022\/11\/Cartel-San-Martin-2022-768x576.jpg 768w, https:\/\/www.tierrahabitada.org\/wp-content\/uploads\/2022\/11\/Cartel-San-Martin-2022-1536x1152.jpg 1536w, https:\/\/www.tierrahabitada.org\/wp-content\/uploads\/2022\/11\/Cartel-San-Martin-2022.jpg 1600w\" sizes=\"auto, (max-width: 1024px) 100vw, 1024px\" \/><\/figure>\n","protected":false},"excerpt":{"rendered":"<p>El pr\u00f3ximo viernes 11 de noviembre a las 20 h., en la Casa San Mart\u00edn tendr\u00e1 lugar un nuevo concierto, esta vez a cargo del grupo TRIA. Y al d\u00eda&#8230; <a class=\"read-more\" href=\"https:\/\/www.tierrahabitada.org\/index.php\/2022\/11\/08\/concierto-y-fiesta-de-san-martin\/\">[Continuar Leyendo]<\/a><\/p>\n","protected":false},"author":1,"featured_media":585,"comment_status":"open","ping_status":"open","sticky":false,"template":"","format":"standard","meta":{"footnotes":""},"categories":[1],"tags":[],"class_list":["post-578","post","type-post","status-publish","format-standard","has-post-thumbnail","hentry","category-sin-categoria"],"_links":{"self":[{"href":"https:\/\/www.tierrahabitada.org\/index.php\/wp-json\/wp\/v2\/posts\/578","targetHints":{"allow":["GET"]}}],"collection":[{"href":"https:\/\/www.tierrahabitada.org\/index.php\/wp-json\/wp\/v2\/posts"}],"about":[{"href":"https:\/\/www.tierrahabitada.org\/index.php\/wp-json\/wp\/v2\/types\/post"}],"author":[{"embeddable":true,"href":"https:\/\/www.tierrahabitada.org\/index.php\/wp-json\/wp\/v2\/users\/1"}],"replies":[{"embeddable":true,"href":"https:\/\/www.tierrahabitada.org\/index.php\/wp-json\/wp\/v2\/comments?post=578"}],"version-history":[{"count":4,"href":"https:\/\/www.tierrahabitada.org\/index.php\/wp-json\/wp\/v2\/posts\/578\/revisions"}],"predecessor-version":[{"id":586,"href":"https:\/\/www.tierrahabitada.org\/index.php\/wp-json\/wp\/v2\/posts\/578\/revisions\/586"}],"wp:featuredmedia":[{"embeddable":true,"href":"https:\/\/www.tierrahabitada.org\/index.php\/wp-json\/wp\/v2\/media\/585"}],"wp:attachment":[{"href":"https:\/\/www.tierrahabitada.org\/index.php\/wp-json\/wp\/v2\/media?parent=578"}],"wp:term":[{"taxonomy":"category","embeddable":true,"href":"https:\/\/www.tierrahabitada.org\/index.php\/wp-json\/wp\/v2\/categories?post=578"},{"taxonomy":"post_tag","embeddable":true,"href":"https:\/\/www.tierrahabitada.org\/index.php\/wp-json\/wp\/v2\/tags?post=578"}],"curies":[{"name":"wp","href":"https:\/\/api.w.org\/{rel}","templated":true}]}}