{"id":565,"date":"2022-09-20T16:13:32","date_gmt":"2022-09-20T16:13:32","guid":{"rendered":"https:\/\/www.tierrahabitada.org\/?p=565"},"modified":"2022-09-20T16:13:32","modified_gmt":"2022-09-20T16:13:32","slug":"comenzamos-un-nuevo-ciclo","status":"publish","type":"post","link":"https:\/\/www.tierrahabitada.org\/index.php\/2022\/09\/20\/comenzamos-un-nuevo-ciclo\/","title":{"rendered":"Comenzamos un nuevo ciclo"},"content":{"rendered":"\n<p>El verano lleg\u00f3 lleno de muchas peque\u00f1as y enriquecedoras experiencias. Adem\u00e1s de los grupos, familias y amigos que han pasado por aqu\u00ed, Pili y Jos\u00e9 hemos visitado en Cantabria las comunidades de La Garma y La Canal. La primera es una ecoaldea con una veintena de pobladores que comparten trabajo, comidas y misi\u00f3n com\u00fan. La segunda es un antiguo monasterio reconvertido en lugar de acogida y espiritualidad. Ambos lugares muy motivadores para el proyecto comunitario de ecolog\u00eda, espiritualidad y acogida que seguimos desarrollando en Ca\u00f1icosa. \u00a1Cu\u00e1nta buena gente poniendo en pr\u00e1ctica estilos de vida que muestran otro mundo mejor posible!<\/p>\n\n\n\n<p>Con la presentaci\u00f3n de un poemario de Javier P\u00e9rez y la asamblea anual de Biotrop\u00eda hemos retomado las actividades en la Casa San Mart\u00edn. Semanalmente, continuamos con la meditaci\u00f3n (jueves 17.30 h.) y la <em>danza contact <\/em>(lunes 19.00 h.). Tambi\u00e9n continuar\u00e1n las sesiones de euritmia con una frecuencia aproximadamente bimensual (empezando el 29 de octubre). En fines de semana, En fines de semana, algunos grupos ya han reservado la casa para actividades de formaci\u00f3n, como los pr\u00f3ximos cursos de danza espiritual, Sumando Red de Conciencia y Facilitaci\u00f3n de Grupos, m\u00e1s un nuevo grupo escolar a finales de octubre.<\/p>\n\n\n\n<p>La parra de la Casa San Mart\u00edn ha tenido siempre una funci\u00f3n m\u00e1s decorativa y de sombra que productiva. Sin embargo, este a\u00f1o, y por primera vez desde que la gente del lugar recuerda, debido al calor veraniego las uvas de la parra han llegado a madurar. No han faltado manos generosas que han ayudado en la recolecci\u00f3n y elaboraci\u00f3n del delicioso zumo de uva, al que se han unido unos cuantos botes de mermelada de mora, tambi\u00e9n propia de la estaci\u00f3n. La naturaleza ofrece as\u00ed sus dones, que recogemos con reverencia agradecida.<\/p>\n\n\n\n<p>Seguimos recibiendo voluntarios internacionales, enriqueci\u00e9ndonos con el intercambio cultural, la pr\u00e1ctica del ingl\u00e9s y la ayuda en la casa e instalaciones. Y seguimos mirando hacia adelante con el proyecto de rehabilitaci\u00f3n energ\u00e9tica de la Casa San Mart\u00edn y de una nave adquirida por la fundaci\u00f3n en primavera, aprovechando que el sol sigue saliendo todos los d\u00edas. Adem\u00e1s de agradecer su luz y su calor, esperamos tambi\u00e9n utilizar su energ\u00eda.<\/p>\n\n\n\n<div class=\"wp-block-image\"><figure class=\"aligncenter size-full\"><img loading=\"lazy\" decoding=\"async\" width=\"600\" height=\"360\" src=\"https:\/\/www.tierrahabitada.org\/wp-content\/uploads\/2022\/09\/Cocinando-al-sol.jpg\" alt=\"\" class=\"wp-image-567\" srcset=\"https:\/\/www.tierrahabitada.org\/wp-content\/uploads\/2022\/09\/Cocinando-al-sol.jpg 600w, https:\/\/www.tierrahabitada.org\/wp-content\/uploads\/2022\/09\/Cocinando-al-sol-300x180.jpg 300w\" sizes=\"auto, (max-width: 600px) 100vw, 600px\" \/><figcaption><em>Cocinando al sol del verano<\/em><\/figcaption><\/figure><\/div>\n\n\n\n<div class=\"wp-block-image\"><figure class=\"aligncenter size-full\"><img loading=\"lazy\" decoding=\"async\" width=\"600\" height=\"360\" src=\"https:\/\/www.tierrahabitada.org\/wp-content\/uploads\/2022\/09\/Parra-2.jpg\" alt=\"\" class=\"wp-image-568\" srcset=\"https:\/\/www.tierrahabitada.org\/wp-content\/uploads\/2022\/09\/Parra-2.jpg 600w, https:\/\/www.tierrahabitada.org\/wp-content\/uploads\/2022\/09\/Parra-2-300x180.jpg 300w\" sizes=\"auto, (max-width: 600px) 100vw, 600px\" \/><figcaption><em>Naturaleza generosa<\/em><\/figcaption><\/figure><\/div>\n\n\n\n<div class=\"wp-block-image\"><figure class=\"aligncenter size-full\"><img loading=\"lazy\" decoding=\"async\" width=\"600\" height=\"360\" src=\"https:\/\/www.tierrahabitada.org\/wp-content\/uploads\/2022\/09\/Zumo-de-uva-y-mermelada-de-mora.jpg\" alt=\"\" class=\"wp-image-569\" srcset=\"https:\/\/www.tierrahabitada.org\/wp-content\/uploads\/2022\/09\/Zumo-de-uva-y-mermelada-de-mora.jpg 600w, https:\/\/www.tierrahabitada.org\/wp-content\/uploads\/2022\/09\/Zumo-de-uva-y-mermelada-de-mora-300x180.jpg 300w\" sizes=\"auto, (max-width: 600px) 100vw, 600px\" \/><figcaption><em>Naturaleza embotellada<\/em><\/figcaption><\/figure><\/div>\n\n\n\n<div class=\"wp-block-image\"><figure class=\"aligncenter size-full\"><img loading=\"lazy\" decoding=\"async\" width=\"600\" height=\"384\" src=\"https:\/\/www.tierrahabitada.org\/wp-content\/uploads\/2022\/09\/Gallina-y-pollitos.jpg\" alt=\"\" class=\"wp-image-570\" srcset=\"https:\/\/www.tierrahabitada.org\/wp-content\/uploads\/2022\/09\/Gallina-y-pollitos.jpg 600w, https:\/\/www.tierrahabitada.org\/wp-content\/uploads\/2022\/09\/Gallina-y-pollitos-300x192.jpg 300w, https:\/\/www.tierrahabitada.org\/wp-content\/uploads\/2022\/09\/Gallina-y-pollitos-330x210.jpg 330w\" sizes=\"auto, (max-width: 600px) 100vw, 600px\" \/><figcaption><em>Nuevos habitantes del gallinero<\/em><\/figcaption><\/figure><\/div>\n\n\n\n<p><\/p>\n","protected":false},"excerpt":{"rendered":"<p>El verano lleg\u00f3 lleno de muchas peque\u00f1as y enriquecedoras experiencias. Adem\u00e1s de los grupos, familias y amigos que han pasado por aqu\u00ed, Pili y Jos\u00e9 hemos visitado en Cantabria las&#8230; <a class=\"read-more\" href=\"https:\/\/www.tierrahabitada.org\/index.php\/2022\/09\/20\/comenzamos-un-nuevo-ciclo\/\">[Continuar Leyendo]<\/a><\/p>\n","protected":false},"author":1,"featured_media":566,"comment_status":"open","ping_status":"open","sticky":false,"template":"","format":"standard","meta":{"footnotes":""},"categories":[10],"tags":[],"class_list":["post-565","post","type-post","status-publish","format-standard","has-post-thumbnail","hentry","category-boletin"],"_links":{"self":[{"href":"https:\/\/www.tierrahabitada.org\/index.php\/wp-json\/wp\/v2\/posts\/565","targetHints":{"allow":["GET"]}}],"collection":[{"href":"https:\/\/www.tierrahabitada.org\/index.php\/wp-json\/wp\/v2\/posts"}],"about":[{"href":"https:\/\/www.tierrahabitada.org\/index.php\/wp-json\/wp\/v2\/types\/post"}],"author":[{"embeddable":true,"href":"https:\/\/www.tierrahabitada.org\/index.php\/wp-json\/wp\/v2\/users\/1"}],"replies":[{"embeddable":true,"href":"https:\/\/www.tierrahabitada.org\/index.php\/wp-json\/wp\/v2\/comments?post=565"}],"version-history":[{"count":2,"href":"https:\/\/www.tierrahabitada.org\/index.php\/wp-json\/wp\/v2\/posts\/565\/revisions"}],"predecessor-version":[{"id":572,"href":"https:\/\/www.tierrahabitada.org\/index.php\/wp-json\/wp\/v2\/posts\/565\/revisions\/572"}],"wp:featuredmedia":[{"embeddable":true,"href":"https:\/\/www.tierrahabitada.org\/index.php\/wp-json\/wp\/v2\/media\/566"}],"wp:attachment":[{"href":"https:\/\/www.tierrahabitada.org\/index.php\/wp-json\/wp\/v2\/media?parent=565"}],"wp:term":[{"taxonomy":"category","embeddable":true,"href":"https:\/\/www.tierrahabitada.org\/index.php\/wp-json\/wp\/v2\/categories?post=565"},{"taxonomy":"post_tag","embeddable":true,"href":"https:\/\/www.tierrahabitada.org\/index.php\/wp-json\/wp\/v2\/tags?post=565"}],"curies":[{"name":"wp","href":"https:\/\/api.w.org\/{rel}","templated":true}]}}