{"id":556,"date":"2022-06-29T16:05:33","date_gmt":"2022-06-29T16:05:33","guid":{"rendered":"https:\/\/www.tierrahabitada.org\/?p=556"},"modified":"2022-06-29T16:27:23","modified_gmt":"2022-06-29T16:27:23","slug":"primavera-fecunda","status":"publish","type":"post","link":"https:\/\/www.tierrahabitada.org\/index.php\/2022\/06\/29\/primavera-fecunda\/","title":{"rendered":"Primavera fecunda"},"content":{"rendered":"\n<p>La primavera lleg\u00f3 a Ca\u00f1icosa acompa\u00f1ada de mucha vida, la de la naturaleza en ebullici\u00f3n\u2026 y la de los ni\u00f1os y ni\u00f1as de grupos escolares que han pasado unos d\u00edas de convivencia y formaci\u00f3n en la Casa San Mart\u00edn. Colegios de pedagog\u00eda Waldorf que ya vinieron en a\u00f1os anteriores y que no han dejado de aprovechar la oportunidad de volver a encontrarse con los buenos momentos vividos aqu\u00ed. Junto a la flora y fauna del lugar, cambiante a medida que la primavera avanzaba, hemos conocido los oficios que todav\u00eda persisten en nuestra comarca: carpinter\u00eda, forja, panader\u00eda, alfarer\u00eda, pastoreo, incluso el delicado oficio de un luthier.<\/p>\n\n\n\n<p>No solo ni\u00f1os y maestros han vuelto a sus colegios enriquecidos con el aprendizaje, tambi\u00e9n para nosotros ha supuesto una experiencia intensa. Esperamos seguir acogiendo en el futuro a grupos escolares que busquen la cercan\u00eda a la naturaleza, una espiritualidad de armon\u00eda con ella y una aproximaci\u00f3n a las formas de vida rurales.<br>Otros grupos de adultos han seguido utilizando las instalaciones de la Casa San Mart\u00edn para cursos y convivencias. Nos alegra abrir nuestras puertas, procurando siempre momentos de intercambio para presentarnos y conocernos mutuamente. No se trata solo de ceder un espacio, por bonito que sea, sino tambi\u00e9n de compartir lo que somos y queremos vivir.<\/p>\n\n\n\n<p>El jard\u00edn y la huerta se van adaptando a los vaivenes de la climatolog\u00eda. Este a\u00f1o, las heladas cesaron en abril y eso ha hecho que los manzanos y membrillos est\u00e9n ahora cuajados de frutas que, si no se malogran, auguran una sabrosa cosecha. Tambi\u00e9n las flores y hortalizas van llenando de colores nuestro paisaje inmediato.<\/p>\n\n\n\n<p>Pero el m\u00e9rito no es solo del tiempo. Con la primavera tambi\u00e9n nos llegaron voluntarios internacionales a trav\u00e9s del portal <span style=\"color:#1578c9\" class=\"has-inline-color\">www.workaway.info<\/span>. Procedentes de Chile, M\u00e9jico, Argentina y Colombia, han estado con nosotros entre una y tres semanas cada uno, resultando una magn\u00edfica experiencia, tanto de convivencia intercultural como de aportaci\u00f3n laboriosa en el jard\u00edn, la huerta y la acogida de grupos. J\u00f3venes que ven\u00edan a nuestra casa y se han encontrado en Ca\u00f1icosa con toda la vida comunitaria que brota por aqu\u00ed: el grupo de danza <em>contact<\/em> de los lunes, el de consumo de los mi\u00e9rcoles, el de meditaci\u00f3n de los jueves, la celebraci\u00f3n de alg\u00fan cumplea\u00f1os, los conciertos del tr\u00edo Najaal y el d\u00fao Zopli2, m\u00e1s las personas que pasan por aqu\u00ed simplemente para conocernos o visitarnos. Tambi\u00e9n ellos nos han dejado con su coraz\u00f3n -y el nuestro- enriquecido.<\/p>\n\n\n\n<p>Menci\u00f3n especial se merecen los inolvidables conciertos que a lo largo del a\u00f1o hemos ido ofreciendo en la sala de la Casa San Mart\u00edn. Conciertos con profundidad espiritual y alt\u00edsimo nivel art\u00edstico. Agradecemos a los int\u00e9rpretes que hayan querido venir hasta Ca\u00f1icosa para mostrarnos su arte y esperamos que se sigan repitiendo estos encuentros musicales.<\/p>\n\n\n\n<div class=\"wp-block-image\"><figure class=\"aligncenter size-full\"><img loading=\"lazy\" decoding=\"async\" width=\"600\" height=\"360\" src=\"https:\/\/www.tierrahabitada.org\/wp-content\/uploads\/2022\/06\/Ninos-en-hilera.jpg\" alt=\"\" class=\"wp-image-557\" srcset=\"https:\/\/www.tierrahabitada.org\/wp-content\/uploads\/2022\/06\/Ninos-en-hilera.jpg 600w, https:\/\/www.tierrahabitada.org\/wp-content\/uploads\/2022\/06\/Ninos-en-hilera-300x180.jpg 300w\" sizes=\"auto, (max-width: 600px) 100vw, 600px\" \/><figcaption>Paseo contemplativo con uno de los grupos escolares<\/figcaption><\/figure><\/div>\n\n\n\n<div class=\"wp-block-image\"><figure class=\"aligncenter size-full\"><img loading=\"lazy\" decoding=\"async\" width=\"600\" height=\"360\" src=\"https:\/\/www.tierrahabitada.org\/wp-content\/uploads\/2022\/06\/Euritmia-junio-2022.jpg\" alt=\"\" class=\"wp-image-558\" srcset=\"https:\/\/www.tierrahabitada.org\/wp-content\/uploads\/2022\/06\/Euritmia-junio-2022.jpg 600w, https:\/\/www.tierrahabitada.org\/wp-content\/uploads\/2022\/06\/Euritmia-junio-2022-300x180.jpg 300w\" sizes=\"auto, (max-width: 600px) 100vw, 600px\" \/><figcaption>Sesi\u00f3n de euritmia<\/figcaption><\/figure><\/div>\n\n\n\n<div class=\"wp-block-image\"><figure class=\"aligncenter size-full\"><img loading=\"lazy\" decoding=\"async\" width=\"600\" height=\"360\" src=\"https:\/\/www.tierrahabitada.org\/wp-content\/uploads\/2022\/06\/Concierto-Najaal.jpg\" alt=\"\" class=\"wp-image-559\" srcset=\"https:\/\/www.tierrahabitada.org\/wp-content\/uploads\/2022\/06\/Concierto-Najaal.jpg 600w, https:\/\/www.tierrahabitada.org\/wp-content\/uploads\/2022\/06\/Concierto-Najaal-300x180.jpg 300w\" sizes=\"auto, (max-width: 600px) 100vw, 600px\" \/><figcaption>Concierto del tr\u00edo Najaal<\/figcaption><\/figure><\/div>\n\n\n\n<p><\/p>\n","protected":false},"excerpt":{"rendered":"<p>La primavera lleg\u00f3 a Ca\u00f1icosa acompa\u00f1ada de mucha vida, la de la naturaleza en ebullici\u00f3n\u2026 y la de los ni\u00f1os y ni\u00f1as de grupos escolares que han pasado unos d\u00edas&#8230; <a class=\"read-more\" href=\"https:\/\/www.tierrahabitada.org\/index.php\/2022\/06\/29\/primavera-fecunda\/\">[Continuar Leyendo]<\/a><\/p>\n","protected":false},"author":1,"featured_media":561,"comment_status":"open","ping_status":"open","sticky":false,"template":"","format":"standard","meta":{"footnotes":""},"categories":[1],"tags":[],"class_list":["post-556","post","type-post","status-publish","format-standard","has-post-thumbnail","hentry","category-sin-categoria"],"_links":{"self":[{"href":"https:\/\/www.tierrahabitada.org\/index.php\/wp-json\/wp\/v2\/posts\/556","targetHints":{"allow":["GET"]}}],"collection":[{"href":"https:\/\/www.tierrahabitada.org\/index.php\/wp-json\/wp\/v2\/posts"}],"about":[{"href":"https:\/\/www.tierrahabitada.org\/index.php\/wp-json\/wp\/v2\/types\/post"}],"author":[{"embeddable":true,"href":"https:\/\/www.tierrahabitada.org\/index.php\/wp-json\/wp\/v2\/users\/1"}],"replies":[{"embeddable":true,"href":"https:\/\/www.tierrahabitada.org\/index.php\/wp-json\/wp\/v2\/comments?post=556"}],"version-history":[{"count":3,"href":"https:\/\/www.tierrahabitada.org\/index.php\/wp-json\/wp\/v2\/posts\/556\/revisions"}],"predecessor-version":[{"id":563,"href":"https:\/\/www.tierrahabitada.org\/index.php\/wp-json\/wp\/v2\/posts\/556\/revisions\/563"}],"wp:featuredmedia":[{"embeddable":true,"href":"https:\/\/www.tierrahabitada.org\/index.php\/wp-json\/wp\/v2\/media\/561"}],"wp:attachment":[{"href":"https:\/\/www.tierrahabitada.org\/index.php\/wp-json\/wp\/v2\/media?parent=556"}],"wp:term":[{"taxonomy":"category","embeddable":true,"href":"https:\/\/www.tierrahabitada.org\/index.php\/wp-json\/wp\/v2\/categories?post=556"},{"taxonomy":"post_tag","embeddable":true,"href":"https:\/\/www.tierrahabitada.org\/index.php\/wp-json\/wp\/v2\/tags?post=556"}],"curies":[{"name":"wp","href":"https:\/\/api.w.org\/{rel}","templated":true}]}}