{"id":544,"date":"2022-04-08T20:39:13","date_gmt":"2022-04-08T20:39:13","guid":{"rendered":"https:\/\/www.tierrahabitada.org\/?p=544"},"modified":"2022-04-08T20:39:13","modified_gmt":"2022-04-08T20:39:13","slug":"brotes-prometedores","status":"publish","type":"post","link":"https:\/\/www.tierrahabitada.org\/index.php\/2022\/04\/08\/brotes-prometedores\/","title":{"rendered":"Brotes prometedores"},"content":{"rendered":"\n<p>El fr\u00edo clima castellano nos lleva a esperar a su debido tiempo antes de plantar en tierra. Mientras tanto, las semillas germinan en semilleros preparados con antelaci\u00f3n. Son peque\u00f1os brotes prometedores de lo que ser\u00e1 la huerta en verano. A preparar los semilleros y la tierra han venido ya personas amigas a las que agradecemos enormemente su colaboraci\u00f3n, as\u00ed como a la Red de Semillas de Segovia y a sus encuentros donde intercambiamos semillas con otros agricultores ecol\u00f3gicos y recibimos semillas de variedades locales para contribuir a que no se pierdan. No nos olvidamos de sembrar flores y plantas arom\u00e1ticas que favorecer\u00e1n la biodiversidad de la tierra y atraer\u00e1n a insectos polinizadores. As\u00ed, poco a poco vamos aprendiendo el oficio de cultivadores \u2013y cuidadores\u2013 de la tierra.<\/p>\n\n\n\n<p>Adem\u00e1s de las colaboraciones puntuales, en las \u00faltimas semanas hemos contado con la ayuda de una voluntaria, que ha llegado a trav\u00e9s del portal de internet <em>Workaway<\/em>. Para ser nuestra primera experiencia acogiendo voluntarios, ha resultado muy bien, tanto en la convivencia como en el trabajo, y ya tenemos ganas de repetir.<\/p>\n\n\n\n<p>A nuestra casa han llegado tambi\u00e9n nuevas inquilinas: doce j\u00f3venes gallinas que cuidamos junto con dos familias m\u00e1s del pueblo. De esta manera nos repartimos tanto el cuidado como los huevos que las gallinas nos ofrezcan, cuando los pongan, y participamos en redes colaborativas entre los vecinos.<\/p>\n\n\n\n<p>Por lo dem\u00e1s, siguen las actividades peri\u00f3dicas en la Casa San Mart\u00edn: danza <em>contact<\/em> los lunes, meditaci\u00f3n los jueves y un d\u00eda de euritmia al trimestre, adem\u00e1s de otras puntuales: presentaci\u00f3n de un libro de Nacho Due\u00f1as, Jornada Laudato si\u2019 y un concierto de improvisaci\u00f3n a cargo del tr\u00edo Najaal que convoc\u00f3 a una nutrida asistencia. Tambi\u00e9n han pasado por aqu\u00ed un grupo de hermanos maristas y otro de pioneros de un grupo scout de Madrid, realizando actividades de contacto con la naturaleza y consumo responsable. Poco a poco vamos dando vida a esta casa que tanta vida ha dado en el pasado, ofreciendo lo que somos y tenemos.<\/p>\n\n\n\n<p>De cara al futuro pr\u00f3ximo, preparamos ya la acogida de grupos escolares que vendr\u00e1n entre semana despu\u00e9s de Semana Santa. Pero eso lo contaremos m\u00e1s adelante.<\/p>\n\n\n\n<figure class=\"wp-block-image size-full\"><img loading=\"lazy\" decoding=\"async\" width=\"600\" height=\"370\" src=\"https:\/\/www.tierrahabitada.org\/wp-content\/uploads\/2022\/04\/Arcoiris-primaveral-600.jpg\" alt=\"\" class=\"wp-image-545\" srcset=\"https:\/\/www.tierrahabitada.org\/wp-content\/uploads\/2022\/04\/Arcoiris-primaveral-600.jpg 600w, https:\/\/www.tierrahabitada.org\/wp-content\/uploads\/2022\/04\/Arcoiris-primaveral-600-300x185.jpg 300w\" sizes=\"auto, (max-width: 600px) 100vw, 600px\" \/><figcaption><em>Arco\u00edris primaveral<\/em><\/figcaption><\/figure>\n\n\n\n<figure class=\"wp-block-image size-full\"><img loading=\"lazy\" decoding=\"async\" width=\"600\" height=\"360\" src=\"https:\/\/www.tierrahabitada.org\/wp-content\/uploads\/2022\/04\/Preparando-semilleros-600.jpg\" alt=\"\" class=\"wp-image-548\" srcset=\"https:\/\/www.tierrahabitada.org\/wp-content\/uploads\/2022\/04\/Preparando-semilleros-600.jpg 600w, https:\/\/www.tierrahabitada.org\/wp-content\/uploads\/2022\/04\/Preparando-semilleros-600-300x180.jpg 300w\" sizes=\"auto, (max-width: 600px) 100vw, 600px\" \/><figcaption><em>Preparando los semilleros<\/em><\/figcaption><\/figure>\n\n\n\n<figure class=\"wp-block-image size-full\"><img loading=\"lazy\" decoding=\"async\" width=\"800\" height=\"495\" src=\"https:\/\/www.tierrahabitada.org\/wp-content\/uploads\/2022\/04\/Hermanas-gallinas-800.jpg\" alt=\"\" class=\"wp-image-551\" srcset=\"https:\/\/www.tierrahabitada.org\/wp-content\/uploads\/2022\/04\/Hermanas-gallinas-800.jpg 800w, https:\/\/www.tierrahabitada.org\/wp-content\/uploads\/2022\/04\/Hermanas-gallinas-800-300x186.jpg 300w, https:\/\/www.tierrahabitada.org\/wp-content\/uploads\/2022\/04\/Hermanas-gallinas-800-768x475.jpg 768w, https:\/\/www.tierrahabitada.org\/wp-content\/uploads\/2022\/04\/Hermanas-gallinas-800-338x210.jpg 338w\" sizes=\"auto, (max-width: 800px) 100vw, 800px\" \/><figcaption><em>Nuestras nuevas inquilinas<\/em><\/figcaption><\/figure>\n\n\n\n<p><\/p>\n","protected":false},"excerpt":{"rendered":"<p>El fr\u00edo clima castellano nos lleva a esperar a su debido tiempo antes de plantar en tierra. Mientras tanto, las semillas germinan en semilleros preparados con antelaci\u00f3n. Son peque\u00f1os brotes&#8230; <a class=\"read-more\" href=\"https:\/\/www.tierrahabitada.org\/index.php\/2022\/04\/08\/brotes-prometedores\/\">[Continuar Leyendo]<\/a><\/p>\n","protected":false},"author":1,"featured_media":546,"comment_status":"open","ping_status":"open","sticky":false,"template":"","format":"standard","meta":{"footnotes":""},"categories":[1],"tags":[],"class_list":["post-544","post","type-post","status-publish","format-standard","has-post-thumbnail","hentry","category-sin-categoria"],"_links":{"self":[{"href":"https:\/\/www.tierrahabitada.org\/index.php\/wp-json\/wp\/v2\/posts\/544","targetHints":{"allow":["GET"]}}],"collection":[{"href":"https:\/\/www.tierrahabitada.org\/index.php\/wp-json\/wp\/v2\/posts"}],"about":[{"href":"https:\/\/www.tierrahabitada.org\/index.php\/wp-json\/wp\/v2\/types\/post"}],"author":[{"embeddable":true,"href":"https:\/\/www.tierrahabitada.org\/index.php\/wp-json\/wp\/v2\/users\/1"}],"replies":[{"embeddable":true,"href":"https:\/\/www.tierrahabitada.org\/index.php\/wp-json\/wp\/v2\/comments?post=544"}],"version-history":[{"count":5,"href":"https:\/\/www.tierrahabitada.org\/index.php\/wp-json\/wp\/v2\/posts\/544\/revisions"}],"predecessor-version":[{"id":554,"href":"https:\/\/www.tierrahabitada.org\/index.php\/wp-json\/wp\/v2\/posts\/544\/revisions\/554"}],"wp:featuredmedia":[{"embeddable":true,"href":"https:\/\/www.tierrahabitada.org\/index.php\/wp-json\/wp\/v2\/media\/546"}],"wp:attachment":[{"href":"https:\/\/www.tierrahabitada.org\/index.php\/wp-json\/wp\/v2\/media?parent=544"}],"wp:term":[{"taxonomy":"category","embeddable":true,"href":"https:\/\/www.tierrahabitada.org\/index.php\/wp-json\/wp\/v2\/categories?post=544"},{"taxonomy":"post_tag","embeddable":true,"href":"https:\/\/www.tierrahabitada.org\/index.php\/wp-json\/wp\/v2\/tags?post=544"}],"curies":[{"name":"wp","href":"https:\/\/api.w.org\/{rel}","templated":true}]}}