{"id":538,"date":"2022-03-20T20:17:57","date_gmt":"2022-03-20T20:17:57","guid":{"rendered":"https:\/\/www.tierrahabitada.org\/?p=538"},"modified":"2022-03-20T20:19:26","modified_gmt":"2022-03-20T20:19:26","slug":"meditacion-y-concierto-el-jueves-17-de-marzo","status":"publish","type":"post","link":"https:\/\/www.tierrahabitada.org\/index.php\/2022\/03\/20\/meditacion-y-concierto-el-jueves-17-de-marzo\/","title":{"rendered":"Meditaci\u00f3n y concierto el jueves 17 de marzo"},"content":{"rendered":"\n<p>\u00c1lex es vecino de Ca\u00f1icosa y luthier. El tr\u00edo Najaal, de m\u00fasica improvisada, promete un concierto inolvidable.<\/p>\n\n\n\n<p>A las 18.00, como todos los jueves, y hasta las 19.00 h., tendremos una meditaci\u00f3n, seguida de una pausa con infusi\u00f3n. Y a las 19.30 h., concierto.<\/p>\n\n\n\n<p>Entrada libre hasta completar aforo. Aportaci\u00f3n consciente.<br><\/p>\n\n\n\n<figure class=\"wp-block-image size-large\"><img loading=\"lazy\" decoding=\"async\" width=\"1024\" height=\"1024\" src=\"https:\/\/www.tierrahabitada.org\/wp-content\/uploads\/2022\/03\/Concierto-NAJAAL-1024x1024.jpg\" alt=\"\" class=\"wp-image-539\" srcset=\"https:\/\/www.tierrahabitada.org\/wp-content\/uploads\/2022\/03\/Concierto-NAJAAL-1024x1024.jpg 1024w, https:\/\/www.tierrahabitada.org\/wp-content\/uploads\/2022\/03\/Concierto-NAJAAL-300x300.jpg 300w, https:\/\/www.tierrahabitada.org\/wp-content\/uploads\/2022\/03\/Concierto-NAJAAL-150x150.jpg 150w, https:\/\/www.tierrahabitada.org\/wp-content\/uploads\/2022\/03\/Concierto-NAJAAL-768x768.jpg 768w, https:\/\/www.tierrahabitada.org\/wp-content\/uploads\/2022\/03\/Concierto-NAJAAL.jpg 1450w\" sizes=\"auto, (max-width: 1024px) 100vw, 1024px\" \/><\/figure>\n","protected":false},"excerpt":{"rendered":"<p>\u00c1lex es vecino de Ca\u00f1icosa y luthier. El tr\u00edo Najaal, de m\u00fasica improvisada, promete un concierto inolvidable. A las 18.00, como todos los jueves, y hasta las 19.00 h., tendremos&#8230; <a class=\"read-more\" href=\"https:\/\/www.tierrahabitada.org\/index.php\/2022\/03\/20\/meditacion-y-concierto-el-jueves-17-de-marzo\/\">[Continuar Leyendo]<\/a><\/p>\n","protected":false},"author":1,"featured_media":539,"comment_status":"open","ping_status":"open","sticky":false,"template":"","format":"standard","meta":{"footnotes":""},"categories":[1],"tags":[],"class_list":["post-538","post","type-post","status-publish","format-standard","has-post-thumbnail","hentry","category-sin-categoria"],"_links":{"self":[{"href":"https:\/\/www.tierrahabitada.org\/index.php\/wp-json\/wp\/v2\/posts\/538","targetHints":{"allow":["GET"]}}],"collection":[{"href":"https:\/\/www.tierrahabitada.org\/index.php\/wp-json\/wp\/v2\/posts"}],"about":[{"href":"https:\/\/www.tierrahabitada.org\/index.php\/wp-json\/wp\/v2\/types\/post"}],"author":[{"embeddable":true,"href":"https:\/\/www.tierrahabitada.org\/index.php\/wp-json\/wp\/v2\/users\/1"}],"replies":[{"embeddable":true,"href":"https:\/\/www.tierrahabitada.org\/index.php\/wp-json\/wp\/v2\/comments?post=538"}],"version-history":[{"count":2,"href":"https:\/\/www.tierrahabitada.org\/index.php\/wp-json\/wp\/v2\/posts\/538\/revisions"}],"predecessor-version":[{"id":541,"href":"https:\/\/www.tierrahabitada.org\/index.php\/wp-json\/wp\/v2\/posts\/538\/revisions\/541"}],"wp:featuredmedia":[{"embeddable":true,"href":"https:\/\/www.tierrahabitada.org\/index.php\/wp-json\/wp\/v2\/media\/539"}],"wp:attachment":[{"href":"https:\/\/www.tierrahabitada.org\/index.php\/wp-json\/wp\/v2\/media?parent=538"}],"wp:term":[{"taxonomy":"category","embeddable":true,"href":"https:\/\/www.tierrahabitada.org\/index.php\/wp-json\/wp\/v2\/categories?post=538"},{"taxonomy":"post_tag","embeddable":true,"href":"https:\/\/www.tierrahabitada.org\/index.php\/wp-json\/wp\/v2\/tags?post=538"}],"curies":[{"name":"wp","href":"https:\/\/api.w.org\/{rel}","templated":true}]}}