{"id":527,"date":"2022-01-21T18:22:12","date_gmt":"2022-01-21T18:22:12","guid":{"rendered":"https:\/\/www.tierrahabitada.org\/?p=527"},"modified":"2022-01-21T18:22:12","modified_gmt":"2022-01-21T18:22:12","slug":"tranquilidad-sin-pausa","status":"publish","type":"post","link":"https:\/\/www.tierrahabitada.org\/index.php\/2022\/01\/21\/tranquilidad-sin-pausa\/","title":{"rendered":"Tranquilidad sin pausa"},"content":{"rendered":"\n<p>El clima invernal en Ca\u00f1icosa invita al reposo. La naturaleza parece detenerse bajo un manto de fr\u00edo paralizador. Los \u00e1rboles y arbustos hace tiempo que se desnudaron de sus hojas. Los p\u00e1jaros que no han emigrado buscan entre la hierba algo de sustento, as\u00ed como los gatos sin due\u00f1o del pueblo.<\/p>\n\n\n\n<p>Son d\u00edas de reposo. No hay mucho que hacer, salvo prepararse para la actividad de la primavera: ordenar materiales, reparar herramientas, desprenderse de inutilidades\u2026 D\u00edas tambi\u00e9n de interioridad, de bajar el ritmo y caminar con calma y tranquilidad, de aguardar, como las semillas bajo tierra, y respirar.<\/p>\n\n\n\n<p>Mientras tanto, con tranquilidad pero sin pausa, la actividad en la Casa San Mart\u00edn prosigue su ritmo. Despu\u00e9s de la buena experiencia de los talleres de <strong>alimentaci\u00f3n consciente y activismo alimentario<\/strong> (23-24 de octubre), de <strong>Biotrop\u00eda<\/strong> (26-28 de noviembre) y del <strong>concierto de sanaci\u00f3n, voz y sonido<\/strong> (10 de diciembre) adelantamos las pr\u00f3ximas actividades:<\/p>\n\n\n\n<ul class=\"wp-block-list\"><li><em>S\u00e1bado 22 de enero, 19 h.<\/em>: <strong>concierto meditativo<\/strong> a cargo del d\u00fao <em>Aikyam Voces con Alma<\/em> (m\u00e1s informaci\u00f3n en el cartel m\u00e1s abajo).<\/li><li><em>Viernes 18 de febrero, 19 h<\/em>.: <strong>presentaci\u00f3n del libro <em>De las revoluciones a la contracultura<\/em><\/strong>, de Nacho Due\u00f1as.<\/li><li><em>Fin de semana 18-20 de marzo<\/em>: <strong>taller Laudato si<\/strong>. Unos d\u00edas para profundizar en la espiritualidad, l\u00edneas de acci\u00f3n y puesta en pr\u00e1ctica de la enc\u00edclica <em>Laudato si\u2019<\/em>.<\/li><\/ul>\n\n\n\n<figure class=\"wp-block-image size-full\"><img loading=\"lazy\" decoding=\"async\" width=\"600\" height=\"849\" src=\"https:\/\/www.tierrahabitada.org\/wp-content\/uploads\/2022\/01\/Concierto-meditativo.jpg\" alt=\"\" class=\"wp-image-530\" srcset=\"https:\/\/www.tierrahabitada.org\/wp-content\/uploads\/2022\/01\/Concierto-meditativo.jpg 600w, https:\/\/www.tierrahabitada.org\/wp-content\/uploads\/2022\/01\/Concierto-meditativo-212x300.jpg 212w\" sizes=\"auto, (max-width: 600px) 100vw, 600px\" \/><\/figure>\n\n\n\n<figure class=\"wp-block-image size-full\"><img loading=\"lazy\" decoding=\"async\" width=\"600\" height=\"849\" src=\"https:\/\/www.tierrahabitada.org\/wp-content\/uploads\/2022\/01\/Presentacion-libro-Nacho-Duenas.jpg\" alt=\"\" class=\"wp-image-534\" srcset=\"https:\/\/www.tierrahabitada.org\/wp-content\/uploads\/2022\/01\/Presentacion-libro-Nacho-Duenas.jpg 600w, https:\/\/www.tierrahabitada.org\/wp-content\/uploads\/2022\/01\/Presentacion-libro-Nacho-Duenas-212x300.jpg 212w\" sizes=\"auto, (max-width: 600px) 100vw, 600px\" \/><\/figure>\n","protected":false},"excerpt":{"rendered":"<p>El clima invernal en Ca\u00f1icosa invita al reposo. La naturaleza parece detenerse bajo un manto de fr\u00edo paralizador. Los \u00e1rboles y arbustos hace tiempo que se desnudaron de sus hojas&#8230;. <a class=\"read-more\" href=\"https:\/\/www.tierrahabitada.org\/index.php\/2022\/01\/21\/tranquilidad-sin-pausa\/\">[Continuar Leyendo]<\/a><\/p>\n","protected":false},"author":1,"featured_media":529,"comment_status":"open","ping_status":"open","sticky":false,"template":"","format":"standard","meta":{"footnotes":""},"categories":[1],"tags":[],"class_list":["post-527","post","type-post","status-publish","format-standard","has-post-thumbnail","hentry","category-sin-categoria"],"_links":{"self":[{"href":"https:\/\/www.tierrahabitada.org\/index.php\/wp-json\/wp\/v2\/posts\/527","targetHints":{"allow":["GET"]}}],"collection":[{"href":"https:\/\/www.tierrahabitada.org\/index.php\/wp-json\/wp\/v2\/posts"}],"about":[{"href":"https:\/\/www.tierrahabitada.org\/index.php\/wp-json\/wp\/v2\/types\/post"}],"author":[{"embeddable":true,"href":"https:\/\/www.tierrahabitada.org\/index.php\/wp-json\/wp\/v2\/users\/1"}],"replies":[{"embeddable":true,"href":"https:\/\/www.tierrahabitada.org\/index.php\/wp-json\/wp\/v2\/comments?post=527"}],"version-history":[{"count":4,"href":"https:\/\/www.tierrahabitada.org\/index.php\/wp-json\/wp\/v2\/posts\/527\/revisions"}],"predecessor-version":[{"id":535,"href":"https:\/\/www.tierrahabitada.org\/index.php\/wp-json\/wp\/v2\/posts\/527\/revisions\/535"}],"wp:featuredmedia":[{"embeddable":true,"href":"https:\/\/www.tierrahabitada.org\/index.php\/wp-json\/wp\/v2\/media\/529"}],"wp:attachment":[{"href":"https:\/\/www.tierrahabitada.org\/index.php\/wp-json\/wp\/v2\/media?parent=527"}],"wp:term":[{"taxonomy":"category","embeddable":true,"href":"https:\/\/www.tierrahabitada.org\/index.php\/wp-json\/wp\/v2\/categories?post=527"},{"taxonomy":"post_tag","embeddable":true,"href":"https:\/\/www.tierrahabitada.org\/index.php\/wp-json\/wp\/v2\/tags?post=527"}],"curies":[{"name":"wp","href":"https:\/\/api.w.org\/{rel}","templated":true}]}}