{"id":498,"date":"2021-11-16T18:43:46","date_gmt":"2021-11-16T18:43:46","guid":{"rendered":"https:\/\/www.tierrahabitada.org\/?p=498"},"modified":"2021-11-16T18:43:46","modified_gmt":"2021-11-16T18:43:46","slug":"actividades-de-otono","status":"publish","type":"post","link":"https:\/\/www.tierrahabitada.org\/index.php\/2021\/11\/16\/actividades-de-otono\/","title":{"rendered":"Actividades de oto\u00f1o"},"content":{"rendered":"\n<p>Con el <strong>concierto de presentaci\u00f3n<\/strong> del pasado 1 de octubre dimos la inauguraci\u00f3n oficial a la Casa San Mart\u00edn y a sus actividades. Por una parte, las convocadas por la propia fundaci\u00f3n, como el <strong>taller te\u00f3rico-pr\u00e1ctico de alimentaci\u00f3n consciente y activismo alimentario<\/strong> (23-24 de octubre) animado por Ester S\u00e1nchez Rojo con la participaci\u00f3n de una decena de personas muy motivadas. O como el pr\u00f3ximo <strong>taller de Biotrop\u00eda <\/strong>(26-28 de noviembre; ver programa al final de este texto) que pretende transmitir claves y recursos para poner en pr\u00e1ctica estilos de vida sostenibles, solidarios, saludables y espirituales. Sin olvidar las <strong>meditaciones compartidas<\/strong>, todos los jueves a las 18 h., que dan un pulso semanal a nuestro ritmo.<\/p>\n\n\n\n<p>Por otra parte, la casa est\u00e1 abierta a <strong>actividades de otros grupos<\/strong>, bien de fin de semana o en momentos puntuales. Nos alegra poner la casa San Mart\u00edn al servicio de los fines de la fundaci\u00f3n tambi\u00e9n de esta manera.<\/p>\n\n\n\n<p>El patronato de la fundaci\u00f3n celebr\u00f3 su reuni\u00f3n de fin de a\u00f1o en la que se aprob\u00f3 el <strong>Plan de Actuaci\u00f3n del a\u00f1o 2022<\/strong>, que contempla la ampliaci\u00f3n del espacio de alojamiento. Son momentos importantes de inversi\u00f3n econ\u00f3mica que afrontamos con el respaldo que nos dan personas e instituciones amigas a las que agradecemos enormemente su colaboraci\u00f3n, tanto en forma de donativos puntuales como de aportaciones peri\u00f3dicas. <strong>\u00a1Toda ayuda, por peque\u00f1a que sea, es bienvenida y agradecida!<\/strong><\/p>\n\n\n\n<figure class=\"wp-block-image size-full\"><img loading=\"lazy\" decoding=\"async\" width=\"600\" height=\"450\" src=\"https:\/\/www.tierrahabitada.org\/wp-content\/uploads\/2021\/11\/Arboles-en-otono.jpg\" alt=\"\" class=\"wp-image-501\" srcset=\"https:\/\/www.tierrahabitada.org\/wp-content\/uploads\/2021\/11\/Arboles-en-otono.jpg 600w, https:\/\/www.tierrahabitada.org\/wp-content\/uploads\/2021\/11\/Arboles-en-otono-300x225.jpg 300w\" sizes=\"auto, (max-width: 600px) 100vw, 600px\" \/><figcaption>Colores de oto\u00f1o<\/figcaption><\/figure>\n\n\n\n<figure class=\"wp-block-image size-full\"><img loading=\"lazy\" decoding=\"async\" width=\"600\" height=\"337\" src=\"https:\/\/www.tierrahabitada.org\/wp-content\/uploads\/2021\/11\/Taller-alimentacion.jpg\" alt=\"\" class=\"wp-image-502\" srcset=\"https:\/\/www.tierrahabitada.org\/wp-content\/uploads\/2021\/11\/Taller-alimentacion.jpg 600w, https:\/\/www.tierrahabitada.org\/wp-content\/uploads\/2021\/11\/Taller-alimentacion-300x169.jpg 300w\" sizes=\"auto, (max-width: 600px) 100vw, 600px\" \/><figcaption>Taller te\u00f3rico-pr\u00e1ctico de alimentaci\u00f3n consciente<\/figcaption><\/figure>\n\n\n\n<div class=\"wp-block-columns is-layout-flex wp-container-core-columns-is-layout-2 wp-block-columns-is-layout-flex\">\n<div class=\"wp-block-column is-layout-flow wp-block-column-is-layout-flow\" style=\"flex-basis:100%\">\n<div class=\"wp-block-columns is-layout-flex wp-container-core-columns-is-layout-1 wp-block-columns-is-layout-flex\">\n<div class=\"wp-block-column is-layout-flow wp-block-column-is-layout-flow\" style=\"flex-basis:100%\">\n<figure class=\"wp-block-image size-full is-resized\"><img loading=\"lazy\" decoding=\"async\" src=\"https:\/\/www.tierrahabitada.org\/wp-content\/uploads\/2021\/11\/Cartel-taller-Biotropia-1.jpg\" alt=\"\" class=\"wp-image-509\" width=\"446\" height=\"632\" srcset=\"https:\/\/www.tierrahabitada.org\/wp-content\/uploads\/2021\/11\/Cartel-taller-Biotropia-1.jpg 595w, https:\/\/www.tierrahabitada.org\/wp-content\/uploads\/2021\/11\/Cartel-taller-Biotropia-1-212x300.jpg 212w\" sizes=\"auto, (max-width: 446px) 100vw, 446px\" \/><\/figure>\n<\/div>\n<\/div>\n<\/div>\n<\/div>\n\n\n\n<figure class=\"wp-block-image size-large is-resized\"><img loading=\"lazy\" decoding=\"async\" src=\"https:\/\/www.tierrahabitada.org\/wp-content\/uploads\/2021\/11\/Taller-Biotropia-Programa-727x1024.jpg\" alt=\"\" class=\"wp-image-510\" width=\"545\" height=\"768\" srcset=\"https:\/\/www.tierrahabitada.org\/wp-content\/uploads\/2021\/11\/Taller-Biotropia-Programa-727x1024.jpg 727w, https:\/\/www.tierrahabitada.org\/wp-content\/uploads\/2021\/11\/Taller-Biotropia-Programa-213x300.jpg 213w, https:\/\/www.tierrahabitada.org\/wp-content\/uploads\/2021\/11\/Taller-Biotropia-Programa.jpg 740w\" sizes=\"auto, (max-width: 545px) 100vw, 545px\" \/><\/figure>\n","protected":false},"excerpt":{"rendered":"<p>Con el concierto de presentaci\u00f3n del pasado 1 de octubre dimos la inauguraci\u00f3n oficial a la Casa San Mart\u00edn y a sus actividades. Por una parte, las convocadas por la&#8230; <a class=\"read-more\" href=\"https:\/\/www.tierrahabitada.org\/index.php\/2021\/11\/16\/actividades-de-otono\/\">[Continuar Leyendo]<\/a><\/p>\n","protected":false},"author":1,"featured_media":499,"comment_status":"open","ping_status":"open","sticky":false,"template":"","format":"standard","meta":{"footnotes":""},"categories":[1],"tags":[],"class_list":["post-498","post","type-post","status-publish","format-standard","has-post-thumbnail","hentry","category-sin-categoria"],"_links":{"self":[{"href":"https:\/\/www.tierrahabitada.org\/index.php\/wp-json\/wp\/v2\/posts\/498","targetHints":{"allow":["GET"]}}],"collection":[{"href":"https:\/\/www.tierrahabitada.org\/index.php\/wp-json\/wp\/v2\/posts"}],"about":[{"href":"https:\/\/www.tierrahabitada.org\/index.php\/wp-json\/wp\/v2\/types\/post"}],"author":[{"embeddable":true,"href":"https:\/\/www.tierrahabitada.org\/index.php\/wp-json\/wp\/v2\/users\/1"}],"replies":[{"embeddable":true,"href":"https:\/\/www.tierrahabitada.org\/index.php\/wp-json\/wp\/v2\/comments?post=498"}],"version-history":[{"count":6,"href":"https:\/\/www.tierrahabitada.org\/index.php\/wp-json\/wp\/v2\/posts\/498\/revisions"}],"predecessor-version":[{"id":512,"href":"https:\/\/www.tierrahabitada.org\/index.php\/wp-json\/wp\/v2\/posts\/498\/revisions\/512"}],"wp:featuredmedia":[{"embeddable":true,"href":"https:\/\/www.tierrahabitada.org\/index.php\/wp-json\/wp\/v2\/media\/499"}],"wp:attachment":[{"href":"https:\/\/www.tierrahabitada.org\/index.php\/wp-json\/wp\/v2\/media?parent=498"}],"wp:term":[{"taxonomy":"category","embeddable":true,"href":"https:\/\/www.tierrahabitada.org\/index.php\/wp-json\/wp\/v2\/categories?post=498"},{"taxonomy":"post_tag","embeddable":true,"href":"https:\/\/www.tierrahabitada.org\/index.php\/wp-json\/wp\/v2\/tags?post=498"}],"curies":[{"name":"wp","href":"https:\/\/api.w.org\/{rel}","templated":true}]}}