{"id":492,"date":"2021-09-05T18:24:32","date_gmt":"2021-09-05T18:24:32","guid":{"rendered":"https:\/\/www.tierrahabitada.org\/?p=492"},"modified":"2021-09-05T18:24:32","modified_gmt":"2021-09-05T18:24:32","slug":"un-verano-agradecido","status":"publish","type":"post","link":"https:\/\/www.tierrahabitada.org\/index.php\/2021\/09\/05\/un-verano-agradecido\/","title":{"rendered":"Un verano agradecido"},"content":{"rendered":"\n<p>\u00abMuch\u00edsimas gracias por habernos transmitido vuestra forma de vida y abrirnos vuestras puertas. Ha sido incre\u00edble\u00bb. \u00abAgradecida por abrirnos vuestra casa y la mente. Gracias por ense\u00f1arnos el milagro de vivir\u00bb. \u00abSois como una r\u00e1faga de viento fresco y nuevo. Gracias por ense\u00f1arnos a ser feliz con muy poco, desde la sencillez\u00bb. Son frases que nos han dejado, en el reci\u00e9n estrenado libro de visitas de la Casa San Mart\u00edn, algunos de los <strong>j\u00f3venes que han estado una semana en Ca\u00f1icosa a finales de agosto<\/strong>. Unos d\u00edas de convivencia colaborando en las tareas de la casa y de la huerta y realizando actividades de experiencia y formaci\u00f3n en el estilo de vida que queremos vivir. Despu\u00e9s de un a\u00f1o de paciente espera, esta semana con j\u00f3venes de Madrid y Valladolid ha supuesto una magn\u00edfica forma de poner en pr\u00e1ctica el fin para el que estamos aqu\u00ed. \u00a1Gracias a todos vosotros!<\/p>\n\n\n\n<p>Siendo \u00e9sta la m\u00e1s reciente, no ha sido la \u00fanica actividad de este verano que vamos terminando. Otro grupo de j\u00f3venes de una parroquia de Madrid pas\u00f3 unos d\u00edas a finales de julio, muchos otros amigos han pasado por aqu\u00ed y otras personas se han acercado a conocernos. <strong>Un verano lleno de nombres<\/strong>, entremezclados con las labores propias de la estaci\u00f3n en la huerta y otras tareas m\u00e1s de fondo reservadas para el verano. \u00a1Siempre hay algo que hacer aqu\u00ed!<\/p>\n\n\n\n<p>Junto con el agradecimiento por lo vivido, el verano tambi\u00e9n es tiempo de programar lo porvenir. En la nueva secci\u00f3n de <a href=\"https:\/\/www.tierrahabitada.org\/index.php\/actividades\/\">actividades<\/a> se recogen las  previstas hasta fin de a\u00f1o:<\/p>\n\n\n\n<ul class=\"wp-block-list\"><li>Todos los <em>jueves por la tarde<\/em> (hora en funci\u00f3n de la luz solar), <strong>meditaci\u00f3n<\/strong> compartida.<\/li><li><em>Viernes 1 de octubre, 19 h.<\/em> <strong>Concierto<\/strong> de presentaci\u00f3n de Tierra Habitada y de reapertura oficial de la Casa San Mart\u00edn, por la comunidad de Tierra Habitada (Pili, Jos\u00e9, Nacho y Juan Carlos).<\/li><li><em>Fin de semana de 23-24 octubre<\/em>: <strong>Taller sobre \u00abAlimentaci\u00f3n consciente y activismo alimentario\u00bb<\/strong> a cargo de Ester S\u00e1nchez Rojo, autora del canal de Youtube \u00abEl poder del comensal\u00bb.<\/li><li><em>Fin de semana de 27-28 de noviembre<\/em>: <strong>Taller de Biotrop\u00eda, estilos de vida en conversi\u00f3n<\/strong>, a cargo de Jos\u00e9 Eizaguirre y Juan Carlos Mart\u00ednez.<\/li><li><em>Martes 28 de diciembre<\/em>: <strong>Retiro<\/strong> de fin de a\u00f1o.<\/li><\/ul>\n\n\n\n<p>Adem\u00e1s, el <em>fin de semana de 24-26 de septiembre<\/em> tendr\u00e1 lugar un <strong>retiro convivencial de meditaci\u00f3n, silencio y yoga<\/strong>, animado por Rita Levato y Juan Baiana.<\/p>\n\n\n\n<p>\u00a1Os esperamos!<\/p>\n","protected":false},"excerpt":{"rendered":"<p>\u00abMuch\u00edsimas gracias por habernos transmitido vuestra forma de vida y abrirnos vuestras puertas. Ha sido incre\u00edble\u00bb. \u00abAgradecida por abrirnos vuestra casa y la mente. Gracias por ense\u00f1arnos el milagro de&#8230; <a class=\"read-more\" href=\"https:\/\/www.tierrahabitada.org\/index.php\/2021\/09\/05\/un-verano-agradecido\/\">[Continuar Leyendo]<\/a><\/p>\n","protected":false},"author":1,"featured_media":496,"comment_status":"open","ping_status":"open","sticky":false,"template":"","format":"standard","meta":{"footnotes":""},"categories":[1],"tags":[],"class_list":["post-492","post","type-post","status-publish","format-standard","has-post-thumbnail","hentry","category-sin-categoria"],"_links":{"self":[{"href":"https:\/\/www.tierrahabitada.org\/index.php\/wp-json\/wp\/v2\/posts\/492","targetHints":{"allow":["GET"]}}],"collection":[{"href":"https:\/\/www.tierrahabitada.org\/index.php\/wp-json\/wp\/v2\/posts"}],"about":[{"href":"https:\/\/www.tierrahabitada.org\/index.php\/wp-json\/wp\/v2\/types\/post"}],"author":[{"embeddable":true,"href":"https:\/\/www.tierrahabitada.org\/index.php\/wp-json\/wp\/v2\/users\/1"}],"replies":[{"embeddable":true,"href":"https:\/\/www.tierrahabitada.org\/index.php\/wp-json\/wp\/v2\/comments?post=492"}],"version-history":[{"count":2,"href":"https:\/\/www.tierrahabitada.org\/index.php\/wp-json\/wp\/v2\/posts\/492\/revisions"}],"predecessor-version":[{"id":495,"href":"https:\/\/www.tierrahabitada.org\/index.php\/wp-json\/wp\/v2\/posts\/492\/revisions\/495"}],"wp:featuredmedia":[{"embeddable":true,"href":"https:\/\/www.tierrahabitada.org\/index.php\/wp-json\/wp\/v2\/media\/496"}],"wp:attachment":[{"href":"https:\/\/www.tierrahabitada.org\/index.php\/wp-json\/wp\/v2\/media?parent=492"}],"wp:term":[{"taxonomy":"category","embeddable":true,"href":"https:\/\/www.tierrahabitada.org\/index.php\/wp-json\/wp\/v2\/categories?post=492"},{"taxonomy":"post_tag","embeddable":true,"href":"https:\/\/www.tierrahabitada.org\/index.php\/wp-json\/wp\/v2\/tags?post=492"}],"curies":[{"name":"wp","href":"https:\/\/api.w.org\/{rel}","templated":true}]}}