{"id":458,"date":"2021-06-23T06:55:12","date_gmt":"2021-06-23T06:55:12","guid":{"rendered":"https:\/\/www.tierrahabitada.org\/?p=458"},"modified":"2021-06-23T06:57:26","modified_gmt":"2021-06-23T06:57:26","slug":"habitando-la-tierra","status":"publish","type":"post","link":"https:\/\/www.tierrahabitada.org\/index.php\/2021\/06\/23\/habitando-la-tierra\/","title":{"rendered":"Habitando la Tierra"},"content":{"rendered":"\n<p>Este es el nombre que hemos puesto a los d\u00edas de convivencia que tendr\u00e1n lugar del 5 al 9 de julio. Unos d\u00edas de ecolog\u00eda, espiritualidad y acogida, en los que participar de la vida y tareas de este lugar: oraci\u00f3n de la ma\u00f1ana, desayuno, trabajo en la huerta y en las casas, comida fraterna y saludable, descanso, alguna actividad formativa, paseo, cena y recogimiento del d\u00eda a la luz de las estrellas. Se puede participar tanto todos los d\u00edas como alg\u00fan d\u00eda suelto y, en cualquier caso, avisando de antemano.<\/p>\n\n\n\n<p>La paulatina remisi\u00f3n de la pandemia nos permitir\u00e1 este verano acoger otras actividades: un \u00abRe-Encuentro de Artistas Cristianos\u00bb (3-4 de julio) y dos grupos de j\u00f3venes de una parroquia de Madrid, a quienes esperamos con mucha ilusi\u00f3n. Tambi\u00e9n se anuncian a lo largo del verano otras visitas, tanto de amigos como de personas que quieren conocernos. Aqu\u00ed estaremos.<\/p>\n\n\n\n<p>Poco a poco vamos tejiendo relaciones con personas de la comarca que, como nosotros, han elegido vivir aqu\u00ed de una forma alternativa. El grupo de consumo de verduras y frutas ecol\u00f3gicas que cada dos semanas se da cita en nuestra casa es un \u00e1mbito privilegiado para estos encuentros. Uno de los frutos de estas nuevas relaciones es que, adem\u00e1s de las meditaciones de los martes, la sala de actividades de la Casa San Mart\u00edn ha empezado a acoger sesiones de yoga y otras actividades de la mano de un maestro indio.<\/p>\n\n\n\n<p>Es un privilegio vivir el paso de las estaciones tan cerca de la naturaleza. De ello da buena muestra la nueva <a href=\"https:\/\/www.tierrahabitada.org\/index.php\/galeria-de-fotos\/\" target=\"_blank\" rel=\"noreferrer noopener\">galer\u00eda de fotos de \u00abCa\u00f1icosa en primavera\u00bb<\/a>.<\/p>\n\n\n\n<p>La huerta crece lentamente, al comp\u00e1s de las suaves temperaturas del verano segoviano y gracias a la ayuda de amigos que nos echan una buena mano. Todo esto supone un constante aprendizaje te\u00f3rico y pr\u00e1ctico de este nuevo \u00e1mbito de nuestras vidas.<\/p>\n\n\n\n<p>Y seguramente la novedad m\u00e1s importante es que a partir de finales de junio se incorpora una persona a vivir con nosotros. Seremos una comunidad fr\u00e1gil e incipiente que, como toda semilla que germina, ha de ser cuidada con mimo e inteligencia para que brote una planta robusta que pueda dar frutos. Nos abrimos as\u00ed a nuestra vocaci\u00f3n original de dar vida a un centro comunitario. \u00abSentimos como un medio privilegiado para poner en pr\u00e1ctica esta vocaci\u00f3n la de una comunidad de personas en torno a esta forma de vida y a esta misi\u00f3n, en un lugar concreto en un entorno rural. Un lugar que manifieste que otro mundo es posible\u00bb (de nuestra \u00abVocaci\u00f3n y proyecto\u00bb).<\/p>\n\n\n\n<figure class=\"wp-block-image size-large\"><img loading=\"lazy\" decoding=\"async\" width=\"600\" height=\"342\" src=\"https:\/\/www.tierrahabitada.org\/wp-content\/uploads\/2021\/06\/Preparando-la-huerta-y-jardin.jpg\" alt=\"\" class=\"wp-image-461\" srcset=\"https:\/\/www.tierrahabitada.org\/wp-content\/uploads\/2021\/06\/Preparando-la-huerta-y-jardin.jpg 600w, https:\/\/www.tierrahabitada.org\/wp-content\/uploads\/2021\/06\/Preparando-la-huerta-y-jardin-300x171.jpg 300w\" sizes=\"auto, (max-width: 600px) 100vw, 600px\" \/><figcaption><em>Preparando la huerta y jard\u00edn<\/em><\/figcaption><\/figure>\n\n\n\n<div class=\"wp-block-image\"><figure class=\"aligncenter size-large\"><img loading=\"lazy\" decoding=\"async\" width=\"600\" height=\"450\" src=\"https:\/\/www.tierrahabitada.org\/wp-content\/uploads\/2021\/06\/Las-primeras-fresas.jpg\" alt=\"\" class=\"wp-image-449\" srcset=\"https:\/\/www.tierrahabitada.org\/wp-content\/uploads\/2021\/06\/Las-primeras-fresas.jpg 600w, https:\/\/www.tierrahabitada.org\/wp-content\/uploads\/2021\/06\/Las-primeras-fresas-300x225.jpg 300w\" sizes=\"auto, (max-width: 600px) 100vw, 600px\" \/><figcaption><em>Las primeras fresas<\/em><\/figcaption><\/figure><\/div>\n\n\n\n<figure class=\"wp-block-image size-large\"><img loading=\"lazy\" decoding=\"async\" width=\"838\" height=\"666\" src=\"https:\/\/www.tierrahabitada.org\/wp-content\/uploads\/2021\/06\/EAC.png\" alt=\"\" class=\"wp-image-463\" srcset=\"https:\/\/www.tierrahabitada.org\/wp-content\/uploads\/2021\/06\/EAC.png 838w, https:\/\/www.tierrahabitada.org\/wp-content\/uploads\/2021\/06\/EAC-300x238.png 300w, https:\/\/www.tierrahabitada.org\/wp-content\/uploads\/2021\/06\/EAC-768x610.png 768w\" sizes=\"auto, (max-width: 838px) 100vw, 838px\" \/><\/figure>\n\n\n\n<figure class=\"wp-block-image size-large\"><img loading=\"lazy\" decoding=\"async\" width=\"726\" height=\"535\" src=\"https:\/\/www.tierrahabitada.org\/wp-content\/uploads\/2021\/06\/Carteles-yoga.png\" alt=\"\" class=\"wp-image-462\" srcset=\"https:\/\/www.tierrahabitada.org\/wp-content\/uploads\/2021\/06\/Carteles-yoga.png 726w, https:\/\/www.tierrahabitada.org\/wp-content\/uploads\/2021\/06\/Carteles-yoga-300x221.png 300w\" sizes=\"auto, (max-width: 726px) 100vw, 726px\" \/><\/figure>\n","protected":false},"excerpt":{"rendered":"<p>Este es el nombre que hemos puesto a los d\u00edas de convivencia que tendr\u00e1n lugar del 5 al 9 de julio. Unos d\u00edas de ecolog\u00eda, espiritualidad y acogida, en los&#8230; <a class=\"read-more\" href=\"https:\/\/www.tierrahabitada.org\/index.php\/2021\/06\/23\/habitando-la-tierra\/\">[Continuar Leyendo]<\/a><\/p>\n","protected":false},"author":1,"featured_media":459,"comment_status":"open","ping_status":"open","sticky":false,"template":"","format":"standard","meta":{"footnotes":""},"categories":[1],"tags":[],"class_list":["post-458","post","type-post","status-publish","format-standard","has-post-thumbnail","hentry","category-sin-categoria"],"_links":{"self":[{"href":"https:\/\/www.tierrahabitada.org\/index.php\/wp-json\/wp\/v2\/posts\/458","targetHints":{"allow":["GET"]}}],"collection":[{"href":"https:\/\/www.tierrahabitada.org\/index.php\/wp-json\/wp\/v2\/posts"}],"about":[{"href":"https:\/\/www.tierrahabitada.org\/index.php\/wp-json\/wp\/v2\/types\/post"}],"author":[{"embeddable":true,"href":"https:\/\/www.tierrahabitada.org\/index.php\/wp-json\/wp\/v2\/users\/1"}],"replies":[{"embeddable":true,"href":"https:\/\/www.tierrahabitada.org\/index.php\/wp-json\/wp\/v2\/comments?post=458"}],"version-history":[{"count":5,"href":"https:\/\/www.tierrahabitada.org\/index.php\/wp-json\/wp\/v2\/posts\/458\/revisions"}],"predecessor-version":[{"id":467,"href":"https:\/\/www.tierrahabitada.org\/index.php\/wp-json\/wp\/v2\/posts\/458\/revisions\/467"}],"wp:featuredmedia":[{"embeddable":true,"href":"https:\/\/www.tierrahabitada.org\/index.php\/wp-json\/wp\/v2\/media\/459"}],"wp:attachment":[{"href":"https:\/\/www.tierrahabitada.org\/index.php\/wp-json\/wp\/v2\/media?parent=458"}],"wp:term":[{"taxonomy":"category","embeddable":true,"href":"https:\/\/www.tierrahabitada.org\/index.php\/wp-json\/wp\/v2\/categories?post=458"},{"taxonomy":"post_tag","embeddable":true,"href":"https:\/\/www.tierrahabitada.org\/index.php\/wp-json\/wp\/v2\/tags?post=458"}],"curies":[{"name":"wp","href":"https:\/\/api.w.org\/{rel}","templated":true}]}}