{"id":435,"date":"2021-04-08T19:21:33","date_gmt":"2021-04-08T19:21:33","guid":{"rendered":"https:\/\/www.tierrahabitada.org\/?p=435"},"modified":"2021-04-08T19:21:33","modified_gmt":"2021-04-08T19:21:33","slug":"una-nueva-primavera-para-la-casa-san-martin","status":"publish","type":"post","link":"https:\/\/www.tierrahabitada.org\/index.php\/2021\/04\/08\/una-nueva-primavera-para-la-casa-san-martin\/","title":{"rendered":"Una nueva primavera para la casa San Mart\u00edn"},"content":{"rendered":"\n<p>As\u00ed como tras el largo invierno siempre florece la primavera, por fin, despu\u00e9s de no pocos tr\u00e1mites administrativos, el 8 de abril se ha firmado en la notar\u00eda de Sep\u00falveda la compra de la \u00abCasa San Mart\u00edn\u00bb por parte de la fundaci\u00f3n Tierra Habitada. Es un paso importante en nuestra andadura, del que nos alegramos mucho.<\/p>\n\n\n\n<p>Este paso no hubiera sido posible sin la generosidad de personas e instituciones que hab\u00e9is confiado en este proyecto \u00a1Muchas gracias a todos una vez m\u00e1s! Para completar, la compra de la casa ha sido posible tambi\u00e9n gracias a un pr\u00e9stamo de <a href=\"https:\/\/www.fiarebancaetica.coop\/\" target=\"_blank\" rel=\"noreferrer noopener\">Fiare Banca \u00c9tica<\/a>.<\/p>\n\n\n\n<p>Esperamos que las circunstancias sanitarias nos permitan pronto abrir las puertas de la casa San Mart\u00edn a grupos y actividades. No solo para poner en pr\u00e1ctica los fines de la fundaci\u00f3n sino tambi\u00e9n para favorecer su sostenibilidad econ\u00f3mica y poder abordar nuevos proyectos. Por eso, seguimos necesitando y contando con el apoyo de todos para que esta Tierra Habitada pueda ser el lugar que hemos so\u00f1ado. \u00a1Os esperamos y seguimos contando con vosotros!<\/p>\n","protected":false},"excerpt":{"rendered":"<p>As\u00ed como tras el largo invierno siempre florece la primavera, por fin, despu\u00e9s de no pocos tr\u00e1mites administrativos, el 8 de abril se ha firmado en la notar\u00eda de Sep\u00falveda&#8230; <a class=\"read-more\" href=\"https:\/\/www.tierrahabitada.org\/index.php\/2021\/04\/08\/una-nueva-primavera-para-la-casa-san-martin\/\">[Continuar Leyendo]<\/a><\/p>\n","protected":false},"author":1,"featured_media":436,"comment_status":"open","ping_status":"open","sticky":false,"template":"","format":"standard","meta":{"footnotes":""},"categories":[1],"tags":[],"class_list":["post-435","post","type-post","status-publish","format-standard","has-post-thumbnail","hentry","category-sin-categoria"],"_links":{"self":[{"href":"https:\/\/www.tierrahabitada.org\/index.php\/wp-json\/wp\/v2\/posts\/435","targetHints":{"allow":["GET"]}}],"collection":[{"href":"https:\/\/www.tierrahabitada.org\/index.php\/wp-json\/wp\/v2\/posts"}],"about":[{"href":"https:\/\/www.tierrahabitada.org\/index.php\/wp-json\/wp\/v2\/types\/post"}],"author":[{"embeddable":true,"href":"https:\/\/www.tierrahabitada.org\/index.php\/wp-json\/wp\/v2\/users\/1"}],"replies":[{"embeddable":true,"href":"https:\/\/www.tierrahabitada.org\/index.php\/wp-json\/wp\/v2\/comments?post=435"}],"version-history":[{"count":3,"href":"https:\/\/www.tierrahabitada.org\/index.php\/wp-json\/wp\/v2\/posts\/435\/revisions"}],"predecessor-version":[{"id":439,"href":"https:\/\/www.tierrahabitada.org\/index.php\/wp-json\/wp\/v2\/posts\/435\/revisions\/439"}],"wp:featuredmedia":[{"embeddable":true,"href":"https:\/\/www.tierrahabitada.org\/index.php\/wp-json\/wp\/v2\/media\/436"}],"wp:attachment":[{"href":"https:\/\/www.tierrahabitada.org\/index.php\/wp-json\/wp\/v2\/media?parent=435"}],"wp:term":[{"taxonomy":"category","embeddable":true,"href":"https:\/\/www.tierrahabitada.org\/index.php\/wp-json\/wp\/v2\/categories?post=435"},{"taxonomy":"post_tag","embeddable":true,"href":"https:\/\/www.tierrahabitada.org\/index.php\/wp-json\/wp\/v2\/tags?post=435"}],"curies":[{"name":"wp","href":"https:\/\/api.w.org\/{rel}","templated":true}]}}