{"id":404,"date":"2021-01-14T17:25:57","date_gmt":"2021-01-14T17:25:57","guid":{"rendered":"https:\/\/www.tierrahabitada.org\/?p=404"},"modified":"2021-01-14T17:25:57","modified_gmt":"2021-01-14T17:25:57","slug":"ano-de-nieves","status":"publish","type":"post","link":"https:\/\/www.tierrahabitada.org\/index.php\/2021\/01\/14\/ano-de-nieves\/","title":{"rendered":"A\u00f1o de nieves"},"content":{"rendered":"\n<p>\u00abA\u00f1o de nieves, a\u00f1o de bienes\u00bb, dice el refr\u00e1n. As\u00ed comenz\u00f3 a nevar en Ca\u00f1icosa el \u00faltimo d\u00eda del a\u00f1o, d\u00edas antes de que la borrasca \u00abFilomena\u00bb pintara de blanco todo el interior de la pen\u00ednsula. Como en otros lugares, las bajas temperaturas nocturnas han endurecido esta nieve que todo lo cubre con un hermoso manto blanco. M\u00e1s all\u00e1 del fr\u00edo y las incomodidades (especialmente para quienes no tienen refugio), nos quedamos con la belleza de una naturaleza siempre sorprendente.<br>En la <a href=\"https:\/\/www.tierrahabitada.org\/index.php\/galeria-de-fotos\/\" target=\"_blank\" rel=\"noreferrer noopener\">Galer\u00eda de fotos<\/a> de la web hemos a\u00f1adido la de \u00abCa\u00f1icosa con nieve\u00bb para recordar este paisaje admirable.<br>Aun cuando en este momento, debido a la situaci\u00f3n de pandemia, no podamos organizar actividades, esperamos que en alg\u00fan momento de este \u00aba\u00f1o de bienes\u00bb podamos convocarlas y acoger en la Casa San Mart\u00edn a todos aquellos que quieran aprender con nosotros a vivir de otra manera. Mientras tanto, seguimos prepar\u00e1ndonos y preparando con ilusi\u00f3n las instalaciones.<\/p>\n\n\n\n<figure class=\"wp-block-image size-large\"><img loading=\"lazy\" decoding=\"async\" width=\"600\" height=\"300\" src=\"https:\/\/www.tierrahabitada.org\/wp-content\/uploads\/2021\/01\/Campo-nevado-en-ano-de-nieves.jpg\" alt=\"\" class=\"wp-image-406\" srcset=\"https:\/\/www.tierrahabitada.org\/wp-content\/uploads\/2021\/01\/Campo-nevado-en-ano-de-nieves.jpg 600w, https:\/\/www.tierrahabitada.org\/wp-content\/uploads\/2021\/01\/Campo-nevado-en-ano-de-nieves-300x150.jpg 300w\" sizes=\"auto, (max-width: 600px) 100vw, 600px\" \/><\/figure>\n","protected":false},"excerpt":{"rendered":"<p>\u00abA\u00f1o de nieves, a\u00f1o de bienes\u00bb, dice el refr\u00e1n. As\u00ed comenz\u00f3 a nevar en Ca\u00f1icosa el \u00faltimo d\u00eda del a\u00f1o, d\u00edas antes de que la borrasca \u00abFilomena\u00bb pintara de blanco&#8230; <a class=\"read-more\" href=\"https:\/\/www.tierrahabitada.org\/index.php\/2021\/01\/14\/ano-de-nieves\/\">[Continuar Leyendo]<\/a><\/p>\n","protected":false},"author":1,"featured_media":405,"comment_status":"open","ping_status":"open","sticky":false,"template":"","format":"standard","meta":{"footnotes":""},"categories":[1],"tags":[9],"class_list":["post-404","post","type-post","status-publish","format-standard","has-post-thumbnail","hentry","category-sin-categoria","tag-nieve"],"_links":{"self":[{"href":"https:\/\/www.tierrahabitada.org\/index.php\/wp-json\/wp\/v2\/posts\/404","targetHints":{"allow":["GET"]}}],"collection":[{"href":"https:\/\/www.tierrahabitada.org\/index.php\/wp-json\/wp\/v2\/posts"}],"about":[{"href":"https:\/\/www.tierrahabitada.org\/index.php\/wp-json\/wp\/v2\/types\/post"}],"author":[{"embeddable":true,"href":"https:\/\/www.tierrahabitada.org\/index.php\/wp-json\/wp\/v2\/users\/1"}],"replies":[{"embeddable":true,"href":"https:\/\/www.tierrahabitada.org\/index.php\/wp-json\/wp\/v2\/comments?post=404"}],"version-history":[{"count":2,"href":"https:\/\/www.tierrahabitada.org\/index.php\/wp-json\/wp\/v2\/posts\/404\/revisions"}],"predecessor-version":[{"id":408,"href":"https:\/\/www.tierrahabitada.org\/index.php\/wp-json\/wp\/v2\/posts\/404\/revisions\/408"}],"wp:featuredmedia":[{"embeddable":true,"href":"https:\/\/www.tierrahabitada.org\/index.php\/wp-json\/wp\/v2\/media\/405"}],"wp:attachment":[{"href":"https:\/\/www.tierrahabitada.org\/index.php\/wp-json\/wp\/v2\/media?parent=404"}],"wp:term":[{"taxonomy":"category","embeddable":true,"href":"https:\/\/www.tierrahabitada.org\/index.php\/wp-json\/wp\/v2\/categories?post=404"},{"taxonomy":"post_tag","embeddable":true,"href":"https:\/\/www.tierrahabitada.org\/index.php\/wp-json\/wp\/v2\/tags?post=404"}],"curies":[{"name":"wp","href":"https:\/\/api.w.org\/{rel}","templated":true}]}}