{"id":379,"date":"2020-12-24T12:48:31","date_gmt":"2020-12-24T12:48:31","guid":{"rendered":"https:\/\/www.tierrahabitada.org\/?p=379"},"modified":"2020-12-24T12:48:31","modified_gmt":"2020-12-24T12:48:31","slug":"navidad-en-canicosa","status":"publish","type":"post","link":"https:\/\/www.tierrahabitada.org\/index.php\/2020\/12\/24\/navidad-en-canicosa\/","title":{"rendered":"Navidad en Ca\u00f1icosa"},"content":{"rendered":"\n<p>\u00c9sta es nuestra primera Navidad en Ca\u00f1icosa. La primera vez que decoramos nuestra casa y la Casa San Mart\u00edn con motivos navide\u00f1os, que deseamos \u00abfeliz Navidad\u00bb a nuestros vecinos y vecinas.<\/p>\n\n\n\n<p>Seg\u00fan el relato del evangelio, la estrella que gui\u00f3 a los magos de oriente se detuvo encima del lugar donde estaba el ni\u00f1o Jes\u00fas. Ellos comprendieron entonces que hab\u00edan llegado al final de su viaje. Del mismo modo, llev\u00e1bamos tiempo siguiendo la luz de una estrella, que se ha detenido sobre este lugar de Ca\u00f1icosa, mostr\u00e1ndonos una <em>tierra habitada<\/em> que ya estamos haciendo nuestra.<\/p>\n\n\n\n<p>Es una \u00abNavidad rara\u00bb, <a rel=\"noreferrer noopener\" href=\"https:\/\/www.youtube.com\/watch?v=vfnWbH_p4zY\" target=\"_blank\">como cantan los ni\u00f1os del colegio de Navafr\u00eda<\/a>. Con ellos queremos celebrarla, unidos a todas las personas queridas que han pasado por nuestra vida en este a\u00f1o y queriendo hacer nuestro el dolor y la oscuridad de tantos. A todos deseamos \u00a1muy feliz Navidad!<br>\u00abSi no puedo estar<br>cerca hoy de ti<br>te voy a abrazar<br>cerrando los ojos<br>pensando en ti m\u00e1s\u00bb.<\/p>\n","protected":false},"excerpt":{"rendered":"<p>\u00c9sta es nuestra primera Navidad en Ca\u00f1icosa. La primera vez que decoramos nuestra casa y la Casa San Mart\u00edn con motivos navide\u00f1os, que deseamos \u00abfeliz Navidad\u00bb a nuestros vecinos y&#8230; <a class=\"read-more\" href=\"https:\/\/www.tierrahabitada.org\/index.php\/2020\/12\/24\/navidad-en-canicosa\/\">[Continuar Leyendo]<\/a><\/p>\n","protected":false},"author":1,"featured_media":380,"comment_status":"open","ping_status":"open","sticky":false,"template":"","format":"standard","meta":{"footnotes":""},"categories":[1],"tags":[],"class_list":["post-379","post","type-post","status-publish","format-standard","has-post-thumbnail","hentry","category-sin-categoria"],"_links":{"self":[{"href":"https:\/\/www.tierrahabitada.org\/index.php\/wp-json\/wp\/v2\/posts\/379","targetHints":{"allow":["GET"]}}],"collection":[{"href":"https:\/\/www.tierrahabitada.org\/index.php\/wp-json\/wp\/v2\/posts"}],"about":[{"href":"https:\/\/www.tierrahabitada.org\/index.php\/wp-json\/wp\/v2\/types\/post"}],"author":[{"embeddable":true,"href":"https:\/\/www.tierrahabitada.org\/index.php\/wp-json\/wp\/v2\/users\/1"}],"replies":[{"embeddable":true,"href":"https:\/\/www.tierrahabitada.org\/index.php\/wp-json\/wp\/v2\/comments?post=379"}],"version-history":[{"count":3,"href":"https:\/\/www.tierrahabitada.org\/index.php\/wp-json\/wp\/v2\/posts\/379\/revisions"}],"predecessor-version":[{"id":383,"href":"https:\/\/www.tierrahabitada.org\/index.php\/wp-json\/wp\/v2\/posts\/379\/revisions\/383"}],"wp:featuredmedia":[{"embeddable":true,"href":"https:\/\/www.tierrahabitada.org\/index.php\/wp-json\/wp\/v2\/media\/380"}],"wp:attachment":[{"href":"https:\/\/www.tierrahabitada.org\/index.php\/wp-json\/wp\/v2\/media?parent=379"}],"wp:term":[{"taxonomy":"category","embeddable":true,"href":"https:\/\/www.tierrahabitada.org\/index.php\/wp-json\/wp\/v2\/categories?post=379"},{"taxonomy":"post_tag","embeddable":true,"href":"https:\/\/www.tierrahabitada.org\/index.php\/wp-json\/wp\/v2\/tags?post=379"}],"curies":[{"name":"wp","href":"https:\/\/api.w.org\/{rel}","templated":true}]}}