{"id":344,"date":"2020-09-27T19:16:20","date_gmt":"2020-09-27T19:16:20","guid":{"rendered":"https:\/\/www.tierrahabitada.org\/?p=344"},"modified":"2020-09-28T06:58:16","modified_gmt":"2020-09-28T06:58:16","slug":"se-nos-llena-la-casa-de-amigos","status":"publish","type":"post","link":"https:\/\/www.tierrahabitada.org\/index.php\/2020\/09\/27\/se-nos-llena-la-casa-de-amigos\/","title":{"rendered":"Se nos llena la casa de amigos"},"content":{"rendered":"\n<p>Desde finales de agosto y durante todo el mes de septiembre hemos recibido visitas de amigos, que a su vez han tra\u00eddo a otros amigos que quer\u00edan conocer de primera mano esta tierra habitada. Una de estas amigas nos dej\u00f3 esta preciosa acuarela de nuestra casa, que agradecemos enormemente.<\/p>\n\n\n\n<p>As\u00ed, a la alegr\u00eda de estar con gente querida se une la de la acogida a estas otras personas a quienes no conoc\u00edamos y con quienes nos sentimos cercanas en el esp\u00edritu que nos mueve. \u00a1Cu\u00e1nta buena gente!<\/p>\n\n\n\n<p>La situaci\u00f3n sanitaria que vivimos nos hace ser prudentes a la hora de organizar actividades en la Casa San Mart\u00edn. Es una manera m\u00e1s suave de comenzar nuestra andadura, que nos hace centrarnos m\u00e1s en la acogida en nuestra casa y en seguir poniendo a punto las instalaciones. <\/p>\n\n\n\n<p>Por otra parte, el oto\u00f1o ha llegado con puntualidad climatol\u00f3gica. Adem\u00e1s del descenso de las temperaturas y la agitaci\u00f3n de los vientos, el campo comienza ya a amarillear y el huerto a experimentar las primeras heladas. Vivir as\u00ed de cerca los ritmos de la naturaleza es un privilegio. <\/p>\n\n\n\n<figure class=\"wp-block-image size-large\"><img loading=\"lazy\" decoding=\"async\" width=\"600\" height=\"450\" src=\"https:\/\/www.tierrahabitada.org\/wp-content\/uploads\/2020\/09\/Monte-de-las-Reliquias.jpg\" alt=\"\" class=\"wp-image-346\" srcset=\"https:\/\/www.tierrahabitada.org\/wp-content\/uploads\/2020\/09\/Monte-de-las-Reliquias.jpg 600w, https:\/\/www.tierrahabitada.org\/wp-content\/uploads\/2020\/09\/Monte-de-las-Reliquias-300x225.jpg 300w\" sizes=\"auto, (max-width: 600px) 100vw, 600px\" \/><figcaption>El Monte de las Reliquias, que preside los Montes Carpetanos frente a Ca\u00f1icosa<\/figcaption><\/figure>\n","protected":false},"excerpt":{"rendered":"<p>Desde finales de agosto y durante todo el mes de septiembre hemos recibido visitas de amigos, que a su vez han tra\u00eddo a otros amigos que quer\u00edan conocer de primera&#8230; <a class=\"read-more\" href=\"https:\/\/www.tierrahabitada.org\/index.php\/2020\/09\/27\/se-nos-llena-la-casa-de-amigos\/\">[Continuar Leyendo]<\/a><\/p>\n","protected":false},"author":1,"featured_media":345,"comment_status":"open","ping_status":"open","sticky":false,"template":"","format":"standard","meta":{"footnotes":""},"categories":[1],"tags":[6,7],"class_list":["post-344","post","type-post","status-publish","format-standard","has-post-thumbnail","hentry","category-sin-categoria","tag-acogida","tag-otono"],"_links":{"self":[{"href":"https:\/\/www.tierrahabitada.org\/index.php\/wp-json\/wp\/v2\/posts\/344","targetHints":{"allow":["GET"]}}],"collection":[{"href":"https:\/\/www.tierrahabitada.org\/index.php\/wp-json\/wp\/v2\/posts"}],"about":[{"href":"https:\/\/www.tierrahabitada.org\/index.php\/wp-json\/wp\/v2\/types\/post"}],"author":[{"embeddable":true,"href":"https:\/\/www.tierrahabitada.org\/index.php\/wp-json\/wp\/v2\/users\/1"}],"replies":[{"embeddable":true,"href":"https:\/\/www.tierrahabitada.org\/index.php\/wp-json\/wp\/v2\/comments?post=344"}],"version-history":[{"count":2,"href":"https:\/\/www.tierrahabitada.org\/index.php\/wp-json\/wp\/v2\/posts\/344\/revisions"}],"predecessor-version":[{"id":348,"href":"https:\/\/www.tierrahabitada.org\/index.php\/wp-json\/wp\/v2\/posts\/344\/revisions\/348"}],"wp:featuredmedia":[{"embeddable":true,"href":"https:\/\/www.tierrahabitada.org\/index.php\/wp-json\/wp\/v2\/media\/345"}],"wp:attachment":[{"href":"https:\/\/www.tierrahabitada.org\/index.php\/wp-json\/wp\/v2\/media?parent=344"}],"wp:term":[{"taxonomy":"category","embeddable":true,"href":"https:\/\/www.tierrahabitada.org\/index.php\/wp-json\/wp\/v2\/categories?post=344"},{"taxonomy":"post_tag","embeddable":true,"href":"https:\/\/www.tierrahabitada.org\/index.php\/wp-json\/wp\/v2\/tags?post=344"}],"curies":[{"name":"wp","href":"https:\/\/api.w.org\/{rel}","templated":true}]}}