{"id":335,"date":"2020-08-30T15:58:55","date_gmt":"2020-08-30T15:58:55","guid":{"rendered":"https:\/\/www.tierrahabitada.org\/?p=335"},"modified":"2020-08-30T16:00:10","modified_gmt":"2020-08-30T16:00:10","slug":"registro-de-la-fundacion-tierra-habitada","status":"publish","type":"post","link":"https:\/\/www.tierrahabitada.org\/index.php\/2020\/08\/30\/registro-de-la-fundacion-tierra-habitada\/","title":{"rendered":"Registro de la fundaci\u00f3n Tierra Habitada"},"content":{"rendered":"\n<p>En este mes de agosto hemos recibido del Registro de Fundaciones del Ministerio de Justicia la notificaci\u00f3n de inscripci\u00f3n. Es una carta que esper\u00e1bamos desde que en septiembre de 2019 fue constituida la fundaci\u00f3n y solicitada su inscripci\u00f3n en el Registro. Ahora quedan algunos tr\u00e1mites, pero ya podemos decir que la fundaci\u00f3n tiene figura jur\u00eddica reconocida. \u00a1Es una buena noticia!<br><br>De esta manera, la Administraci\u00f3n reconoce que los fines de la fundaci\u00f3n son de utilidad p\u00fablica y de inter\u00e9s social. Ellos son:<\/p>\n\n\n\n<ol class=\"wp-block-list\"><li>Contribuir a un cambio de mentalidad social, mediante la promoci\u00f3n de actitudes y comportamientos sostenibles, que permitan a las personas vivir en armon\u00eda y respeto con el medio ambiente. <\/li><li>Contribuir a un cambio de mentalidad social, mediante la promoci\u00f3n de actitudes y comportamientos respetuosos con la vida y dignidad de las personas, especialmente con aquellas m\u00e1s vulnerables.<\/li><li>Concienciar sobre la unidad fundamental de la gran familia humana y de todos los seres vivos, cultivando la dimensi\u00f3n espiritual de las personas, y respetando su identidad cultural y religiosa.<\/li><\/ol>\n","protected":false},"excerpt":{"rendered":"<p>En este mes de agosto hemos recibido del Registro de Fundaciones del Ministerio de Justicia la notificaci\u00f3n de inscripci\u00f3n. Es una carta que esper\u00e1bamos desde que en septiembre de 2019&#8230; <a class=\"read-more\" href=\"https:\/\/www.tierrahabitada.org\/index.php\/2020\/08\/30\/registro-de-la-fundacion-tierra-habitada\/\">[Continuar Leyendo]<\/a><\/p>\n","protected":false},"author":1,"featured_media":336,"comment_status":"open","ping_status":"open","sticky":false,"template":"","format":"standard","meta":{"footnotes":""},"categories":[1],"tags":[],"class_list":["post-335","post","type-post","status-publish","format-standard","has-post-thumbnail","hentry","category-sin-categoria"],"_links":{"self":[{"href":"https:\/\/www.tierrahabitada.org\/index.php\/wp-json\/wp\/v2\/posts\/335","targetHints":{"allow":["GET"]}}],"collection":[{"href":"https:\/\/www.tierrahabitada.org\/index.php\/wp-json\/wp\/v2\/posts"}],"about":[{"href":"https:\/\/www.tierrahabitada.org\/index.php\/wp-json\/wp\/v2\/types\/post"}],"author":[{"embeddable":true,"href":"https:\/\/www.tierrahabitada.org\/index.php\/wp-json\/wp\/v2\/users\/1"}],"replies":[{"embeddable":true,"href":"https:\/\/www.tierrahabitada.org\/index.php\/wp-json\/wp\/v2\/comments?post=335"}],"version-history":[{"count":3,"href":"https:\/\/www.tierrahabitada.org\/index.php\/wp-json\/wp\/v2\/posts\/335\/revisions"}],"predecessor-version":[{"id":339,"href":"https:\/\/www.tierrahabitada.org\/index.php\/wp-json\/wp\/v2\/posts\/335\/revisions\/339"}],"wp:featuredmedia":[{"embeddable":true,"href":"https:\/\/www.tierrahabitada.org\/index.php\/wp-json\/wp\/v2\/media\/336"}],"wp:attachment":[{"href":"https:\/\/www.tierrahabitada.org\/index.php\/wp-json\/wp\/v2\/media?parent=335"}],"wp:term":[{"taxonomy":"category","embeddable":true,"href":"https:\/\/www.tierrahabitada.org\/index.php\/wp-json\/wp\/v2\/categories?post=335"},{"taxonomy":"post_tag","embeddable":true,"href":"https:\/\/www.tierrahabitada.org\/index.php\/wp-json\/wp\/v2\/tags?post=335"}],"curies":[{"name":"wp","href":"https:\/\/api.w.org\/{rel}","templated":true}]}}