{"id":322,"date":"2020-07-20T17:36:58","date_gmt":"2020-07-20T17:36:58","guid":{"rendered":"https:\/\/www.tierrahabitada.org\/?p=322"},"modified":"2020-07-20T17:36:58","modified_gmt":"2020-07-20T17:36:58","slug":"ya-estamos-en-canicosa","status":"publish","type":"post","link":"https:\/\/www.tierrahabitada.org\/index.php\/2020\/07\/20\/ya-estamos-en-canicosa\/","title":{"rendered":"\u00a1Ya estamos en Ca\u00f1icosa!"},"content":{"rendered":"\n<p>Desde el 1 de julio ya estamos viviendo en Ca\u00f1icosa Pili y Jos\u00e9. Las primeras semanas han sido intensas de adecuaci\u00f3n de nuestra casa, la huerta y el albergue, pero ya est\u00e1 todo m\u00e1s o menos en su sitio y estamos disfrutando con tranquilidad de nuestro nuevo hogar. Gracias a los que hab\u00e9is venido a ayudarnos o simplemente a visitarnos y conocer este lugar tan especial.<\/p>\n\n\n\n<p>Es un gusto ver crecer las hortalizas en esta tierra buena que heredamos: calabazas, calabacines, tomates, judiones\u2026 Tambi\u00e9n disfrutamos de las frambuesas y vemos madurar las manzanas y membrillos. Con trabajo y con cuidado la tierra va produciendo frutos. Vamos aprendiendo que las plantas son seres vivos que tienen sus ritmos: hay d\u00edas para sembrar, d\u00edas para trasplantar, d\u00edas para podar\u2026 Aprendemos que no hacemos estas cosas cuando a nosotros nos viene bien sino cuando a ellas -las plantas- les viene bien. Es una nueva modalidad de amor.<\/p>\n\n\n\n<p>Estamos ya aprendiendo a reconocer plantas silvestres propias de la zona,  recorriendo los caminos de la comarca, andando o en bicicleta al caer la tarde, y admir\u00e1ndonos de un espl\u00e9ndido cielo nocturno con apenas contaminaci\u00f3n lum\u00ednica.<\/p>\n\n\n\n<p>Y junto al entorno f\u00edsico, el humano: vecinos de Ca\u00f1icosa y miembros de un grupo de consumo al que nos hemos incorporado. Adem\u00e1s de disponer de verduras y frutas ecol\u00f3gicas, nos encontramos con personas afines con quienes compartimos valores.<\/p>\n\n\n\n<p>\u00a1Os esperamos!<\/p>\n\n\n\n<figure class=\"wp-block-image size-large\"><img loading=\"lazy\" decoding=\"async\" width=\"800\" height=\"600\" src=\"https:\/\/www.tierrahabitada.org\/wp-content\/uploads\/2020\/07\/Huerto-julio.jpg\" alt=\"\" class=\"wp-image-324\" srcset=\"https:\/\/www.tierrahabitada.org\/wp-content\/uploads\/2020\/07\/Huerto-julio.jpg 800w, https:\/\/www.tierrahabitada.org\/wp-content\/uploads\/2020\/07\/Huerto-julio-300x225.jpg 300w, https:\/\/www.tierrahabitada.org\/wp-content\/uploads\/2020\/07\/Huerto-julio-768x576.jpg 768w\" sizes=\"auto, (max-width: 800px) 100vw, 800px\" \/><figcaption>El huerto va creciendo<\/figcaption><\/figure>\n\n\n\n<figure class=\"wp-block-image size-large\"><img loading=\"lazy\" decoding=\"async\" width=\"800\" height=\"600\" src=\"https:\/\/www.tierrahabitada.org\/wp-content\/uploads\/2020\/07\/Nido-de-aviones.jpg\" alt=\"\" class=\"wp-image-325\" srcset=\"https:\/\/www.tierrahabitada.org\/wp-content\/uploads\/2020\/07\/Nido-de-aviones.jpg 800w, https:\/\/www.tierrahabitada.org\/wp-content\/uploads\/2020\/07\/Nido-de-aviones-300x225.jpg 300w, https:\/\/www.tierrahabitada.org\/wp-content\/uploads\/2020\/07\/Nido-de-aviones-768x576.jpg 768w\" sizes=\"auto, (max-width: 800px) 100vw, 800px\" \/><figcaption>Los polluelos de aviones ya salen de sus nidos<\/figcaption><\/figure>\n\n\n\n<figure class=\"wp-block-image size-large\"><img loading=\"lazy\" decoding=\"async\" width=\"800\" height=\"600\" src=\"https:\/\/www.tierrahabitada.org\/wp-content\/uploads\/2020\/07\/Rosas.jpg\" alt=\"\" class=\"wp-image-326\" srcset=\"https:\/\/www.tierrahabitada.org\/wp-content\/uploads\/2020\/07\/Rosas.jpg 800w, https:\/\/www.tierrahabitada.org\/wp-content\/uploads\/2020\/07\/Rosas-300x225.jpg 300w, https:\/\/www.tierrahabitada.org\/wp-content\/uploads\/2020\/07\/Rosas-768x576.jpg 768w\" sizes=\"auto, (max-width: 800px) 100vw, 800px\" \/><figcaption>Naturaleza siempre bella<\/figcaption><\/figure>\n","protected":false},"excerpt":{"rendered":"<p>Desde el 1 de julio ya estamos viviendo en Ca\u00f1icosa Pili y Jos\u00e9. Las primeras semanas han sido intensas de adecuaci\u00f3n de nuestra casa, la huerta y el albergue, pero&#8230; <a class=\"read-more\" href=\"https:\/\/www.tierrahabitada.org\/index.php\/2020\/07\/20\/ya-estamos-en-canicosa\/\">[Continuar Leyendo]<\/a><\/p>\n","protected":false},"author":1,"featured_media":328,"comment_status":"open","ping_status":"open","sticky":false,"template":"","format":"standard","meta":{"footnotes":""},"categories":[1],"tags":[],"class_list":["post-322","post","type-post","status-publish","format-standard","has-post-thumbnail","hentry","category-sin-categoria"],"_links":{"self":[{"href":"https:\/\/www.tierrahabitada.org\/index.php\/wp-json\/wp\/v2\/posts\/322","targetHints":{"allow":["GET"]}}],"collection":[{"href":"https:\/\/www.tierrahabitada.org\/index.php\/wp-json\/wp\/v2\/posts"}],"about":[{"href":"https:\/\/www.tierrahabitada.org\/index.php\/wp-json\/wp\/v2\/types\/post"}],"author":[{"embeddable":true,"href":"https:\/\/www.tierrahabitada.org\/index.php\/wp-json\/wp\/v2\/users\/1"}],"replies":[{"embeddable":true,"href":"https:\/\/www.tierrahabitada.org\/index.php\/wp-json\/wp\/v2\/comments?post=322"}],"version-history":[{"count":1,"href":"https:\/\/www.tierrahabitada.org\/index.php\/wp-json\/wp\/v2\/posts\/322\/revisions"}],"predecessor-version":[{"id":327,"href":"https:\/\/www.tierrahabitada.org\/index.php\/wp-json\/wp\/v2\/posts\/322\/revisions\/327"}],"wp:featuredmedia":[{"embeddable":true,"href":"https:\/\/www.tierrahabitada.org\/index.php\/wp-json\/wp\/v2\/media\/328"}],"wp:attachment":[{"href":"https:\/\/www.tierrahabitada.org\/index.php\/wp-json\/wp\/v2\/media?parent=322"}],"wp:term":[{"taxonomy":"category","embeddable":true,"href":"https:\/\/www.tierrahabitada.org\/index.php\/wp-json\/wp\/v2\/categories?post=322"},{"taxonomy":"post_tag","embeddable":true,"href":"https:\/\/www.tierrahabitada.org\/index.php\/wp-json\/wp\/v2\/tags?post=322"}],"curies":[{"name":"wp","href":"https:\/\/api.w.org\/{rel}","templated":true}]}}