{"id":319,"date":"2020-06-23T19:44:36","date_gmt":"2020-06-23T19:44:36","guid":{"rendered":"https:\/\/www.tierrahabitada.org\/?p=319"},"modified":"2020-06-23T19:44:36","modified_gmt":"2020-06-23T19:44:36","slug":"peliculas-y-charlas-inspiradoras","status":"publish","type":"post","link":"https:\/\/www.tierrahabitada.org\/index.php\/2020\/06\/23\/peliculas-y-charlas-inspiradoras\/","title":{"rendered":"Pel\u00edculas y charlas inspiradoras"},"content":{"rendered":"\n<p>Durante el confinamiento hemos visto pel\u00edculas y charlas inspiradoras, que debido a la situaci\u00f3n y gracias a la genorosidad de muchos, pudimos ver de forma gratut\u00edta. Aqu\u00ed tienes las que m\u00e1s nos han ayudado:<\/p>\n\n\n\n<p><a href=\"https:\/\/vimeo.com\/382155593\"><strong>\u00abMi gran peque\u00f1a granja\u00bb<\/strong><\/a>es una gran lecci\u00f3n sobre la agricultura ecol\u00f3gica, sobre c\u00f3mo cuando todo est\u00e1 conectado, se enriquece la tierra y cuando se deja que funcionen los ecosistemas en vez de agredir a la Tierra, la vida fluye y ser regula de forma armoniosa. Es impresionante la valent\u00eda de esta pareja que comenz\u00f3 esta gran aventura. Puedes conocer m\u00e1s de ellos en su <a href=\"https:\/\/www.apricotlanefarms.com\/about-us\/the-farmers\/\">p\u00e1gina web<\/a>.&nbsp;<\/p>\n\n\n\n<p><a href=\"https:\/\/vimeo.com\/73775419\"><strong>\u00abEl lugar de las fresas\u00bb<\/strong><\/a> refleja la crudeza del trabajo en el campo y hace admirar a Lina, la incansable protagonista. Es entra\u00f1able la relaci\u00f3n que entabla con un inmigrante que lleg\u00f3 a Italia en busca de trabajo.&nbsp;<\/p>\n\n\n\n<p>Si sue\u00f1as con formar o vivir en una ecoaldea, no dejes de ver la charla <a href=\"https:\/\/www.youtube.com\/watch?v=aLCvyDL3JlU\"><strong>\u00abLas Ecoaldeas como alternativa. Formas y pasos para crear una Ecoaldea\u00bb<\/strong><\/a>. Organizado por <a href=\"https:\/\/somosmas.org\">Somos M\u00e1s<\/a>, es muy realista e iluminador, ya que habla gente que ha participado en la fundaci\u00f3n de ecoaldeas. <a href=\"https:\/\/www.youtube.com\/watch?v=hH7vgIJdkWA&amp;t=639s\">Hay una primera parte<\/a>, que todav\u00eda no hemos llegado a ver.<\/p>\n\n\n\n<p><a href=\"https:\/\/www.youtube.com\/watch?v=QCvjpzaH0SE\">Jos\u00e9 tambi\u00e9n dio una charla<\/a> para el <a href=\"http:\/\/www.colectivonoviolencia.org\">Colectivo Noviolencia<\/a>. Hablaba sobre un estilo de vida que contribuye a cambiar el sistema en el que vivimos.<\/p>\n\n\n\n<p>Si sue\u00f1as con vivir teniendo en cuenta que la Tierra es de todos y es nuestro deber cuidarla sabiendo que nuestros actos repercuten, no solo en la naturaleza, sino tambi\u00e9n en la gente que vive cerca y lejos de nosotros y si sue\u00f1as con vivir en comunidad, no dejer ver estas charlas y documentales.<\/p>\n\n\n\n<p><\/p>\n\n\n\n<p><\/p>\n\n\n\n<p><\/p>\n\n\n\n<p><\/p>\n\n\n\n<p><\/p>\n\n\n\n<p><\/p>\n\n\n\n<p><\/p>\n","protected":false},"excerpt":{"rendered":"<p>Durante el confinamiento hemos visto pel\u00edculas y charlas inspiradoras, que debido a la situaci\u00f3n y gracias a la genorosidad de muchos, pudimos ver de forma gratut\u00edta. Aqu\u00ed tienes las que&#8230; <a class=\"read-more\" href=\"https:\/\/www.tierrahabitada.org\/index.php\/2020\/06\/23\/peliculas-y-charlas-inspiradoras\/\">[Continuar Leyendo]<\/a><\/p>\n","protected":false},"author":1,"featured_media":0,"comment_status":"open","ping_status":"open","sticky":false,"template":"","format":"standard","meta":{"footnotes":""},"categories":[1],"tags":[],"class_list":["post-319","post","type-post","status-publish","format-standard","hentry","category-sin-categoria","no-post-thumbnail"],"_links":{"self":[{"href":"https:\/\/www.tierrahabitada.org\/index.php\/wp-json\/wp\/v2\/posts\/319","targetHints":{"allow":["GET"]}}],"collection":[{"href":"https:\/\/www.tierrahabitada.org\/index.php\/wp-json\/wp\/v2\/posts"}],"about":[{"href":"https:\/\/www.tierrahabitada.org\/index.php\/wp-json\/wp\/v2\/types\/post"}],"author":[{"embeddable":true,"href":"https:\/\/www.tierrahabitada.org\/index.php\/wp-json\/wp\/v2\/users\/1"}],"replies":[{"embeddable":true,"href":"https:\/\/www.tierrahabitada.org\/index.php\/wp-json\/wp\/v2\/comments?post=319"}],"version-history":[{"count":1,"href":"https:\/\/www.tierrahabitada.org\/index.php\/wp-json\/wp\/v2\/posts\/319\/revisions"}],"predecessor-version":[{"id":320,"href":"https:\/\/www.tierrahabitada.org\/index.php\/wp-json\/wp\/v2\/posts\/319\/revisions\/320"}],"wp:attachment":[{"href":"https:\/\/www.tierrahabitada.org\/index.php\/wp-json\/wp\/v2\/media?parent=319"}],"wp:term":[{"taxonomy":"category","embeddable":true,"href":"https:\/\/www.tierrahabitada.org\/index.php\/wp-json\/wp\/v2\/categories?post=319"},{"taxonomy":"post_tag","embeddable":true,"href":"https:\/\/www.tierrahabitada.org\/index.php\/wp-json\/wp\/v2\/tags?post=319"}],"curies":[{"name":"wp","href":"https:\/\/api.w.org\/{rel}","templated":true}]}}