{"id":282,"date":"2020-05-26T17:09:17","date_gmt":"2020-05-26T17:09:17","guid":{"rendered":"https:\/\/www.tierrahabitada.org\/?p=282"},"modified":"2020-05-26T17:11:15","modified_gmt":"2020-05-26T17:11:15","slug":"dichoso-reencuentro","status":"publish","type":"post","link":"https:\/\/www.tierrahabitada.org\/index.php\/2020\/05\/26\/dichoso-reencuentro\/","title":{"rendered":"Dichoso reencuentro"},"content":{"rendered":"\n<p>Ayer, lunes, pudimos ir a Ca\u00f1icosa despu\u00e9s de casi 3 meses. \u00a1Qu\u00e9 ilusi\u00f3n nos hizo!&nbsp;<\/p>\n\n\n\n<p>Los fresnos, el gran sauce y el resto de \u00e1rboles ya lucen un verde primaveral, del ca\u00f1o mana rica y fresca agua, los prados est\u00e1n verdes, las burras degustan tiernas plantas y la finca est\u00e1 hasta arriba de plantas y flores.&nbsp;<\/p>\n\n\n\n<p>Hay mucho trabajo por delante y mucha ilusi\u00f3n: desbrozar, preparar la huerta y trasplantar en cuando podamos, terminar de acondicionar la casa, seguir con el matenimiento del albergue&#8230; Por cierto, ya luce un piano en la sala de actividades; so\u00f1amos con el d\u00eda en que su m\u00fasica nos haga vibrar.<\/p>\n\n\n\n<p>&nbsp;Ya falta menos para dar el gran salto&#8230;<\/p>\n\n\n\n<figure class=\"wp-block-image size-large\"><img loading=\"lazy\" decoding=\"async\" width=\"900\" height=\"675\" src=\"https:\/\/www.tierrahabitada.org\/wp-content\/uploads\/2020\/05\/cIMG_0404-copia.jpg\" alt=\"\" class=\"wp-image-285\" srcset=\"https:\/\/www.tierrahabitada.org\/wp-content\/uploads\/2020\/05\/cIMG_0404-copia.jpg 900w, https:\/\/www.tierrahabitada.org\/wp-content\/uploads\/2020\/05\/cIMG_0404-copia-300x225.jpg 300w, https:\/\/www.tierrahabitada.org\/wp-content\/uploads\/2020\/05\/cIMG_0404-copia-768x576.jpg 768w\" sizes=\"auto, (max-width: 900px) 100vw, 900px\" \/><\/figure>\n\n\n\n<figure class=\"wp-block-image size-large\"><img loading=\"lazy\" decoding=\"async\" width=\"900\" height=\"675\" src=\"https:\/\/www.tierrahabitada.org\/wp-content\/uploads\/2020\/05\/IMG_20200525_162859-copia.jpg\" alt=\"\" class=\"wp-image-286\" srcset=\"https:\/\/www.tierrahabitada.org\/wp-content\/uploads\/2020\/05\/IMG_20200525_162859-copia.jpg 900w, https:\/\/www.tierrahabitada.org\/wp-content\/uploads\/2020\/05\/IMG_20200525_162859-copia-300x225.jpg 300w, https:\/\/www.tierrahabitada.org\/wp-content\/uploads\/2020\/05\/IMG_20200525_162859-copia-768x576.jpg 768w\" sizes=\"auto, (max-width: 900px) 100vw, 900px\" \/><\/figure>\n\n\n\n<figure class=\"wp-block-image size-large\"><img loading=\"lazy\" decoding=\"async\" width=\"900\" height=\"675\" src=\"https:\/\/www.tierrahabitada.org\/wp-content\/uploads\/2020\/05\/cIMG_0393-copia.jpg\" alt=\"\" class=\"wp-image-287\" srcset=\"https:\/\/www.tierrahabitada.org\/wp-content\/uploads\/2020\/05\/cIMG_0393-copia.jpg 900w, https:\/\/www.tierrahabitada.org\/wp-content\/uploads\/2020\/05\/cIMG_0393-copia-300x225.jpg 300w, https:\/\/www.tierrahabitada.org\/wp-content\/uploads\/2020\/05\/cIMG_0393-copia-768x576.jpg 768w\" sizes=\"auto, (max-width: 900px) 100vw, 900px\" \/><\/figure>\n","protected":false},"excerpt":{"rendered":"<p>Ayer, lunes, pudimos ir a Ca\u00f1icosa despu\u00e9s de casi 3 meses. \u00a1Qu\u00e9 ilusi\u00f3n nos hizo!&nbsp; Los fresnos, el gran sauce y el resto de \u00e1rboles ya lucen un verde primaveral,&#8230; <a class=\"read-more\" href=\"https:\/\/www.tierrahabitada.org\/index.php\/2020\/05\/26\/dichoso-reencuentro\/\">[Continuar Leyendo]<\/a><\/p>\n","protected":false},"author":1,"featured_media":284,"comment_status":"open","ping_status":"open","sticky":false,"template":"","format":"standard","meta":{"footnotes":""},"categories":[1],"tags":[],"class_list":["post-282","post","type-post","status-publish","format-standard","has-post-thumbnail","hentry","category-sin-categoria"],"_links":{"self":[{"href":"https:\/\/www.tierrahabitada.org\/index.php\/wp-json\/wp\/v2\/posts\/282","targetHints":{"allow":["GET"]}}],"collection":[{"href":"https:\/\/www.tierrahabitada.org\/index.php\/wp-json\/wp\/v2\/posts"}],"about":[{"href":"https:\/\/www.tierrahabitada.org\/index.php\/wp-json\/wp\/v2\/types\/post"}],"author":[{"embeddable":true,"href":"https:\/\/www.tierrahabitada.org\/index.php\/wp-json\/wp\/v2\/users\/1"}],"replies":[{"embeddable":true,"href":"https:\/\/www.tierrahabitada.org\/index.php\/wp-json\/wp\/v2\/comments?post=282"}],"version-history":[{"count":3,"href":"https:\/\/www.tierrahabitada.org\/index.php\/wp-json\/wp\/v2\/posts\/282\/revisions"}],"predecessor-version":[{"id":290,"href":"https:\/\/www.tierrahabitada.org\/index.php\/wp-json\/wp\/v2\/posts\/282\/revisions\/290"}],"wp:featuredmedia":[{"embeddable":true,"href":"https:\/\/www.tierrahabitada.org\/index.php\/wp-json\/wp\/v2\/media\/284"}],"wp:attachment":[{"href":"https:\/\/www.tierrahabitada.org\/index.php\/wp-json\/wp\/v2\/media?parent=282"}],"wp:term":[{"taxonomy":"category","embeddable":true,"href":"https:\/\/www.tierrahabitada.org\/index.php\/wp-json\/wp\/v2\/categories?post=282"},{"taxonomy":"post_tag","embeddable":true,"href":"https:\/\/www.tierrahabitada.org\/index.php\/wp-json\/wp\/v2\/tags?post=282"}],"curies":[{"name":"wp","href":"https:\/\/api.w.org\/{rel}","templated":true}]}}